{"id":18470,"date":"2024-05-13T18:59:49","date_gmt":"2024-05-13T18:59:49","guid":{"rendered":"https:\/\/www.ibermusicas.org\/?p=18470"},"modified":"2024-06-03T16:59:20","modified_gmt":"2024-06-03T16:59:20","slug":"a-cantora-andrea-imaginario-edita-o-seu-novo-single-o-que-e-o-amor-cancao-vencedora-por-portugal-do-concurso-ibermusicas-de-criacao-de-cancao-2023","status":"publish","type":"post","link":"https:\/\/www.ibermusicas.org\/index.php\/a-cantora-andrea-imaginario-edita-o-seu-novo-single-o-que-e-o-amor-cancao-vencedora-por-portugal-do-concurso-ibermusicas-de-criacao-de-cancao-2023\/","title":{"rendered":"A cantora Andrea Imaginario edita o seu novo single \u00abO que \u00e9 o amor?\u00bb, can\u00e7\u00e3o vencedora por Portugal do concurso Iberm\u00fasicas de Cria\u00e7\u00e3o de Can\u00e7\u00e3o 2023"},"content":{"rendered":"<p>A cantora Andrea Imaginario edita o seu novo single \u00abO que \u00e9 o amor?\u00bb no m\u00eas de maio, m\u00eas da lusofonia.\u00a0 can\u00e7\u00e3o com a qual ela ganhou o IX Pr\u00eamio Iberm\u00fasicas para a cria\u00e7\u00e3o de can\u00e7\u00f5es em 2023, em representa\u00e7\u00e3o de Portugal. Com letra de Andrea Imaginario e m\u00fasica do compositor venezuelano Gerardo Gerulewicz, trata sobre a natureza do amor, que nestes tempos turbulentos e individualistas parece t\u00e3o esquivo. Foi produzida e arranjada por Miguel Chac\u00f3n, produtor musical venezuelano, cujo trabalho j\u00e1 foi nomeado aos pr\u00e9mios Latin Grammy.<\/p>\n<p>&nbsp;<\/p>\n<p>O conceito total do projeto inclui elementos sonoros da m\u00fasica latino-americana e portuguesa. Nesse sentido, conta com a colabora\u00e7\u00e3o musical de Jos\u00e9 Manuel Duarte, excelente int\u00e9rprete da guitarra portuguesa que confere um toque de saudade. A capa foi ilustrada pela artista pl\u00e1stica venezuelana Natalia P\u00e9rez, que reside actualmente em Espanha.<\/p>\n<p>&nbsp;<\/p>\n<p>O que \u00e9 o amor insere-se no projeto art\u00edstico de Andrea Imaginario, baseado na interculturalidade luso-venezuelana como valor e eixo fundamental.<\/p>\n<p>&nbsp;<\/p>\n<p>Andrea Imaginario \u00e9 uma cantora vers\u00e1til e de voz doce, conhecida por interpretar o fado e a m\u00fasica ibero-americana com um estilo pr\u00f3prio, marcado pela interculturalidade luso-venezuelana. Os seus concertos s\u00e3o envoltos em hist\u00f3rias que tocam a alma do p\u00fablico. Tem seis \u00e1lbuns, dispon\u00edveis nas plataformas digitais. Venceu o Concurso Nacional de Canto da Escola de M\u00fasica \u00abJos\u00e9 \u00c1ngel Lamas\u00bb. \u00c9 licenciada pela Escola de M\u00fasica Lino Gallardo, licenciada em artes e mestre em Literatura Comparada pela Universidade Central da Venezuela, onde \u00e9 professora associada. Atualmente desenvolve uma investiga\u00e7\u00e3o de doutoramento na Universidade Aut\u00f3noma de Lisboa intitulada Historia y representaci\u00f3n de la cultura portuguesa en Venezuela (Hist\u00f3ria e representa\u00e7\u00e3o da cultura portuguesa na Venezuela).<\/p>\n<p>&nbsp;<\/p>\n<p>Gerardo Gerulewicz \u00e9 um compositor, pianista e maestro venezuelano de origem polaca. Licenciou-se \u00abcom distin\u00e7\u00e3o\u00bb no Conservat\u00f3rio Tchaikovsky de Moscovo. Autor de obras sinf\u00f3nicas, vocais, de c\u00e2mara, \u00f3pera e piano. Recebeu o pr\u00eamio da Funda\u00e7\u00e3o Herrera Luque, a Herencia Cl\u00e1sica (R\u00fassia), o Pr\u00e9mio da Orquestra Sinf\u00f4nica Municipal de Caracas, o Terceiro Pr\u00e9mio da Orquestra Sinf\u00f3nica Venezuelana e o Pr\u00e9mio Municipal de M\u00fasica em v\u00e1rias ocasi\u00f5es, entre outras distin\u00e7\u00f5es. \u00c9 Diretor do Departamento de M\u00fasica da Escola de Artes da Universidade Central da Venezuela e Maestro da Orquestra da UCV. \u00c9 tamb\u00e9m Professor de Composi\u00e7\u00e3o na Escola Superior de M\u00fasica Jos\u00e9 Angel Lamas e no Conservat\u00f3rio Sim\u00f3n Bol\u00edvar de Caracas. Obteve uma licenciatura em Dire\u00e7\u00e3o Orquestral sob a orienta\u00e7\u00e3o dos Maestros Alfredo Rugeles e Rodolfo Saglimbeni.<\/p>\n<p>&nbsp;<\/p>\n<p>&nbsp;<\/p>\n<p><iframe title=\"Spotify Embed: O Que \u00c9 o Amor?\" style=\"border-radius: 12px\" width=\"100%\" height=\"152\" frameborder=\"0\" allowfullscreen allow=\"autoplay; clipboard-write; encrypted-media; fullscreen; picture-in-picture\" loading=\"lazy\" src=\"https:\/\/open.spotify.com\/embed\/track\/3xKaxlc8FvI8tFhXDJLuwU?si=b3e1f272622e4d9b&#038;utm_source=oembed\"><\/iframe><\/p>\n","protected":false},"excerpt":{"rendered":"<p>A cantora Andrea Imaginario edita o seu novo single \u00abO que \u00e9 o amor?\u00bb no m\u00eas de maio, m\u00eas da lusofonia.\u00a0 can\u00e7\u00e3o com a qual ela ganhou o IX Pr\u00eamio Iberm\u00fasicas para a cria\u00e7\u00e3o de can\u00e7\u00f5es em 2023, em representa\u00e7\u00e3o de Portugal. Com letra de Andrea Imaginario e m\u00fasica do compositor venezuelano Gerardo Gerulewicz, trata [&hellip;]<\/p>\n","protected":false},"author":7,"featured_media":18468,"comment_status":"closed","ping_status":"closed","sticky":false,"template":"","format":"standard","meta":{"_monsterinsights_skip_tracking":false,"_monsterinsights_sitenote_active":false,"_monsterinsights_sitenote_note":"","_monsterinsights_sitenote_category":0,"footnotes":""},"categories":[218],"tags":[],"class_list":["post-18470","post","type-post","status-publish","format-standard","has-post-thumbnail","hentry","category-noticias-generales-pt"],"lang":"pt","translations":{"pt":18470,"es":18467},"pll_sync_post":[],"post_mailing_queue_ids":[],"_links":{"self":[{"href":"https:\/\/www.ibermusicas.org\/index.php\/wp-json\/wp\/v2\/posts\/18470","targetHints":{"allow":["GET"]}}],"collection":[{"href":"https:\/\/www.ibermusicas.org\/index.php\/wp-json\/wp\/v2\/posts"}],"about":[{"href":"https:\/\/www.ibermusicas.org\/index.php\/wp-json\/wp\/v2\/types\/post"}],"author":[{"embeddable":true,"href":"https:\/\/www.ibermusicas.org\/index.php\/wp-json\/wp\/v2\/users\/7"}],"replies":[{"embeddable":true,"href":"https:\/\/www.ibermusicas.org\/index.php\/wp-json\/wp\/v2\/comments?post=18470"}],"version-history":[{"count":0,"href":"https:\/\/www.ibermusicas.org\/index.php\/wp-json\/wp\/v2\/posts\/18470\/revisions"}],"wp:featuredmedia":[{"embeddable":true,"href":"https:\/\/www.ibermusicas.org\/index.php\/wp-json\/wp\/v2\/media\/18468"}],"wp:attachment":[{"href":"https:\/\/www.ibermusicas.org\/index.php\/wp-json\/wp\/v2\/media?parent=18470"}],"wp:term":[{"taxonomy":"category","embeddable":true,"href":"https:\/\/www.ibermusicas.org\/index.php\/wp-json\/wp\/v2\/categories?post=18470"},{"taxonomy":"post_tag","embeddable":true,"href":"https:\/\/www.ibermusicas.org\/index.php\/wp-json\/wp\/v2\/tags?post=18470"}],"curies":[{"name":"wp","href":"https:\/\/api.w.org\/{rel}","templated":true}]}}