{"id":18472,"date":"2024-05-13T19:11:57","date_gmt":"2024-05-13T19:11:57","guid":{"rendered":"https:\/\/www.ibermusicas.org\/?p=18472"},"modified":"2024-06-03T16:51:12","modified_gmt":"2024-06-03T16:51:12","slug":"el-duo-repicado-de-brasil-inicia-su-gira-por-argentina-y-peru","status":"publish","type":"post","link":"https:\/\/www.ibermusicas.org\/index.php\/el-duo-repicado-de-brasil-inicia-su-gira-por-argentina-y-peru\/","title":{"rendered":"El D\u00fao Repicado de Brasil inicia su gira por Argentina y Per\u00fa"},"content":{"rendered":"<p>El D\u00fao Repicado, de F\u00e1bio Leal y Carol Panesi, estrenar\u00e1 su nuevo espect\u00e1culo en las ciudades de Lima, Arequipa y Cusco, en Per\u00fa, y en C\u00f3rdoba, en Argentina.<\/p>\n<p>&nbsp;<\/p>\n<p>Adem\u00e1s del concierto, para ampliar el intercambio cultural entre m\u00fasicos brasile\u00f1os, peruanos y argentinos, el d\u00fao realizar\u00e1 en C\u00f3rdoba el taller \u00abImprovisaci\u00f3n y acento de la m\u00fasica brasile\u00f1a\u00bb, y en Arequipa cada m\u00fasico dar\u00e1 un taller diferente: F\u00e1bio dar\u00e1 el taller \u00abRitmos brasile\u00f1os e improvisaci\u00f3n en la guitarra\u00bb y Carol dar\u00e1 el taller \u00abM\u00fasica universal &#8211; pr\u00e1ctica de conjunto\u00bb.<\/p>\n<p>&nbsp;<\/p>\n<p>El d\u00fao, formado por Carol Panesi (viol\u00edn y piano) y F\u00e1bio Leal (guitarra) lleva actuando desde 2020, cuando recibieron la invitaci\u00f3n del Sesc Consola\u00e7\u00e3o (SP) para actuar en el concierto de reapertura del Programa Instrumental del Sesc. La actuaci\u00f3n del d\u00fao fluy\u00f3 con notable interacci\u00f3n, lo que les anim\u00f3 a grabar el \u00e1lbum \u00abArte \u00e9 Ora\u00e7\u00e3o\u00bb (Arte es Oraci\u00f3n), lo que ocurri\u00f3 en diciembre del mismo a\u00f1o.<\/p>\n<p>&nbsp;<\/p>\n<p>El repertorio de los conciertos de Arequipa y C\u00f3rdoba incluye temas originales del \u00e1lbum \u00abArte \u00e9 Ora\u00e7\u00e3o\u00bb, as\u00ed como nuevas canciones compuestas tanto por Carol Panesi como por Fabio Leal con un enfoque en los ritmos brasile\u00f1os: forr\u00f3, xote, frevo, choro y maracatu.<\/p>\n<p>&nbsp;<\/p>\n<p>El concierto en C\u00f3rdoba (Argentina) tendr\u00e1 lugar en el Sindicato de M\u00fasicos de la Provincia de C\u00f3rdoba, en el encuentro de intercambio cultural y formaci\u00f3n profesional que se realiza all\u00ed todos los a\u00f1os. En 2019, Carol estuvo en C\u00f3rdoba, en el Sindicato de M\u00fasicos de la Provincia de C\u00f3rdoba, y realiz\u00f3 un taller, creando v\u00ednculos art\u00edsticos con los m\u00fasicos locales y la instituci\u00f3n.<\/p>\n<p>&nbsp;<\/p>\n<p>El concierto en Arequipa (Per\u00fa) tendr\u00e1 lugar en el marco del Festival \u00abCAN JAZZ\u00bb 2024 en la Plaza de Armas de Arequipa.El festival de jazz y m\u00fasica popular latinoamericana se celebra en la ciudad desde hace muchos a\u00f1os, con el objetivo de fomentar el intercambio art\u00edstico y cultural entre los m\u00fasicos latinoamericanos. El concierto de Cusco se celebrar\u00e1 en el Club de Jazz Casa Palacio.<\/p>\n<p>&nbsp;<\/p>\n<p>El D\u00fao Repicado ha desempe\u00f1ado un papel importante en la difusi\u00f3n de la m\u00fasica popular brasile\u00f1a contempor\u00e1nea en la escena internacional. El proyecto ofrece al p\u00fablico una experiencia de creatividad e innovaci\u00f3n musical a trav\u00e9s de la fusi\u00f3n de diferentes lenguajes musicales brasile\u00f1os, desde los m\u00e1s regionales hasta los m\u00e1s contempor\u00e1neos. Celebra la diversidad musical, honrando las ra\u00edces culturales de Brasil y present\u00e1ndose como una forma de resistencia a la homogeneizaci\u00f3n y estandarizaci\u00f3n de la industria musical.<\/p>\n<p>&nbsp;<\/p>\n<p>El D\u00fao ya actu\u00f3 en ciudades brasile\u00f1as como S\u00e3o Paulo y R\u00edo de Janeiro y dio su primer concierto internacional en septiembre de 2023 en la Embajada de Brasil en Paraguay, con la participaci\u00f3n del baterista paraguayo Seba Ramires.<\/p>\n<p>&nbsp;<\/p>\n<p>La propuesta del D\u00fao Repicado ha sido beneficiaria de las ayudas de Iberm\u00fasicas &#8211; convocatoria 2023 en la l\u00ednea de Ayudas al Sector Musical para la Circulaci\u00f3n.<\/p>\n<p>&nbsp;<\/p>\n<p>&nbsp;<\/p>\n<ul>\n<li>16 de mayo, 10.30 h Taller de Fabio Leal en el Sindicato de M\u00fasicos de la Provincia de C\u00f3rdoba, Pje. Groppo 1137, C\u00f3rdoba, Argentina<\/li>\n<li>17 de mayo, 15.00 h Taller de Carol Panesi en el Sindicato de M\u00fasicos de la Provincia de C\u00f3rdoba, Pje. Groppo 1137, C\u00f3rdoba, Argentina<\/li>\n<li>18 de mayo, 21 h Concierto en el Sindicato de M\u00fasicos de la Provincia de C\u00f3rdoba, Pje. Groppo 1137, Ciudad de C\u00f3rdoba, Argentina<\/li>\n<li>20 de mayo, 21.00 h Festival Internacional CanJazz, El Roble Restobar, Boulevard de Barranco 147, Barranco, Lima, Per\u00fa<\/li>\n<li>24 de mayo, 19.30 h Festival Internacional CanJazz, Plaza de Armas, Cercado, Arequipa, Per\u00fa<\/li>\n<li>28 de mayo, 20.00 h Festival Internacional CanJazz, C. Palacio 110, Cusco, Per\u00fa<\/li>\n<\/ul>\n","protected":false},"excerpt":{"rendered":"<p>El D\u00fao Repicado, de F\u00e1bio Leal y Carol Panesi, estrenar\u00e1 su nuevo espect\u00e1culo en las ciudades de Lima, Arequipa y Cusco, en Per\u00fa, y en C\u00f3rdoba, en Argentina. &nbsp; Adem\u00e1s del concierto, para ampliar el intercambio cultural entre m\u00fasicos brasile\u00f1os, peruanos y argentinos, el d\u00fao realizar\u00e1 en C\u00f3rdoba el taller \u00abImprovisaci\u00f3n y acento de la [&hellip;]<\/p>\n","protected":false},"author":7,"featured_media":18473,"comment_status":"closed","ping_status":"closed","sticky":false,"template":"","format":"standard","meta":{"_monsterinsights_skip_tracking":false,"_monsterinsights_sitenote_active":false,"_monsterinsights_sitenote_note":"","_monsterinsights_sitenote_category":0,"footnotes":""},"categories":[53],"tags":[],"class_list":["post-18472","post","type-post","status-publish","format-standard","has-post-thumbnail","hentry","category-noticias-generales"],"lang":"es","translations":{"es":18472,"pt":18475},"pll_sync_post":[],"post_mailing_queue_ids":[],"_links":{"self":[{"href":"https:\/\/www.ibermusicas.org\/index.php\/wp-json\/wp\/v2\/posts\/18472","targetHints":{"allow":["GET"]}}],"collection":[{"href":"https:\/\/www.ibermusicas.org\/index.php\/wp-json\/wp\/v2\/posts"}],"about":[{"href":"https:\/\/www.ibermusicas.org\/index.php\/wp-json\/wp\/v2\/types\/post"}],"author":[{"embeddable":true,"href":"https:\/\/www.ibermusicas.org\/index.php\/wp-json\/wp\/v2\/users\/7"}],"replies":[{"embeddable":true,"href":"https:\/\/www.ibermusicas.org\/index.php\/wp-json\/wp\/v2\/comments?post=18472"}],"version-history":[{"count":0,"href":"https:\/\/www.ibermusicas.org\/index.php\/wp-json\/wp\/v2\/posts\/18472\/revisions"}],"wp:featuredmedia":[{"embeddable":true,"href":"https:\/\/www.ibermusicas.org\/index.php\/wp-json\/wp\/v2\/media\/18473"}],"wp:attachment":[{"href":"https:\/\/www.ibermusicas.org\/index.php\/wp-json\/wp\/v2\/media?parent=18472"}],"wp:term":[{"taxonomy":"category","embeddable":true,"href":"https:\/\/www.ibermusicas.org\/index.php\/wp-json\/wp\/v2\/categories?post=18472"},{"taxonomy":"post_tag","embeddable":true,"href":"https:\/\/www.ibermusicas.org\/index.php\/wp-json\/wp\/v2\/tags?post=18472"}],"curies":[{"name":"wp","href":"https:\/\/api.w.org\/{rel}","templated":true}]}}