{"id":18475,"date":"2024-05-13T19:13:12","date_gmt":"2024-05-13T19:13:12","guid":{"rendered":"https:\/\/www.ibermusicas.org\/?p=18475"},"modified":"2024-06-03T16:59:12","modified_gmt":"2024-06-03T16:59:12","slug":"o-duo-repicado-do-brasil-inicia-sua-turne-por-argentina-e-peru","status":"publish","type":"post","link":"https:\/\/www.ibermusicas.org\/index.php\/o-duo-repicado-do-brasil-inicia-sua-turne-por-argentina-e-peru\/","title":{"rendered":"O Duo Repicado do Brasil inicia sua turn\u00ea por Argentina e Peru"},"content":{"rendered":"<p>Duo Repicado, de F\u00e1bio Leal e Carol Panesi, leva o novo show do Duo pela primeira vez nas cidades de Lima, Arequipa e Cusco, no Peru, e em C\u00f3rdoba, na Argentina.<\/p>\n<p>&nbsp;<\/p>\n<p>Al\u00e9m do show, a fim de ampliar o interc\u00e2mbio cultural entre m\u00fasicos brasileiros, peruanos e argentinos, o duo far\u00e1 o workshop \u201cImprovisa\u00e7\u00e3o e o Sotaque da M\u00fasica Brasileira\u201d, em C\u00f3rdoba, e em Arequipa cada m\u00fasico far\u00e1 um workshop diferente: F\u00e1bio ministrar\u00e1 o workshop \u00abRitmos Brasileiros e improvisa\u00e7\u00e3o na Guitarra\u00bb e Carol ministrar\u00e1 o workshop \u00abM\u00fasica Universal &#8211; Pr\u00e1tica de Conjunto\u00bb.<\/p>\n<p>&nbsp;<\/p>\n<p>O duo, composto por Carol Panesi (violino e piano) e F\u00e1bio Leal (guitarra) atua desde 2020, quando receberam do Sesc Consola\u00e7\u00e3o (SP) o convite para realizar o show de reabertura do Programa Sesc Instrumental. A performance do duo fluiu com uma intera\u00e7\u00e3o not\u00e1vel, o que os estimulou a gravar o \u00e1lbum \u00abArte \u00e9 Ora\u00e7\u00e3o\u00bb, o que ocorreu em dezembro do mesmo ano.<\/p>\n<p>&nbsp;<\/p>\n<p>No repert\u00f3rio do show proposto em Arequipa e C\u00f3rdoba constam m\u00fasicas autorais presentes no \u00e1lbum \u00abArte \u00e9 Ora\u00e7\u00e3o\u00bb, assim como m\u00fasicas in\u00e9ditas compostas tanto por Carol Panesi quanto por Fabio Leal com foco nos ritmos brasileiros: forr\u00f3, xote, frevo, choro e maracatu.<\/p>\n<p>&nbsp;<\/p>\n<p>O show de C\u00f3rdoba (Argentina) ser\u00e1 no Sindicato dos M\u00fasicos da Prov\u00edncia de C\u00f3rdoba, no encontro de interc\u00e2mbio cultural e forma\u00e7\u00e3o profissional que acontece anualmente no local. Em 2019, Carol esteve em C\u00f3rdoba, no Sindicato dos M\u00fasicos da Prov\u00edncia de C\u00f3rdoba, e realizou uma oficina, criando la\u00e7os art\u00edsticos com m\u00fasicos locais e com a institui\u00e7\u00e3o.<\/p>\n<p>&nbsp;<\/p>\n<p>O Show de Arequipa (Peru) ser\u00e1 no Festival \u201cCAN JAZZ\u201d edi\u00e7\u00e3o 2024 na \u00abPlaza de Armas\u00bb da cidade de Arequipa. O festival de jazz e m\u00fasica popular latinoamericana j\u00e1 \u00e9 realizado a muitos anos na cidade, visando fomentar o interc\u00e2mbio art\u00edstico e cultural entre m\u00fasicos latinoamericanos. O show de Cusco ser\u00e1 realizado na Casa Palacio Jazz Club.<\/p>\n<p>&nbsp;<\/p>\n<p>O Duo Repicado tem grande import\u00e2ncia na profus\u00e3o da m\u00fasica brasileira popular contempor\u00e2nea autoral na cena internacional. O projeto leva ao p\u00fablico uma experi\u00eancia de criatividade e inova\u00e7\u00e3o musical pela fus\u00e3o entre as diferentes linguagens musicais brasileiras, das mais regionais entrela\u00e7adas com as mais contempor\u00e2neas. Celebra a diversidade musical, honrando as ra\u00edzes culturais do Brasil e apresenta-se como forma de resist\u00eancia \u00e0 homogeneiza\u00e7\u00e3o e \u00e0 padroniza\u00e7\u00e3o da ind\u00fastria musical.<\/p>\n<p>&nbsp;<\/p>\n<p>O Duo j\u00e1 se apresentou em cidades do Brasil como S\u00e3o Paulo, Rio de Janeiro e fez seu primeiro show internacional em setembro de 2023 na Embaixada do Brasil, no Paraguai, com a participa\u00e7\u00e3o do baterista paraguaio Seba Ramires.<\/p>\n<p>&nbsp;<\/p>\n<p>A proposta do D\u00fao Repicado foi benefici\u00e1ria das Ajudas do Iberm\u00fasicas &#8211; edital 2023 na linha de Ajudas ao Sector Musical para a Circula\u00e7\u00e3o.<\/p>\n<p>&nbsp;<\/p>\n<p>&nbsp;<\/p>\n<ul>\n<li>16 de maio, 10:30h Workshop de Fabio Leal no Sindicato de M\u00fasicos de la Provincia de C\u00f3rdoba, Pje. Groppo 1137, Ciudad de C\u00f3rdoba, Argentina<\/li>\n<li>17 de maio, 15h Workshop de Carol Panesi no Sindicato de M\u00fasicos de la Provincia de C\u00f3rdoba, Pje. Groppo 1137, Ciudad de C\u00f3rdoba, Argentina<\/li>\n<li>18 de maio, 21h Concerto no Sindicato de M\u00fasicos de la Provincia de C\u00f3rdoba, Pje. Groppo 1137, Ciudad de C\u00f3rdoba, Argentina<\/li>\n<li>20 de maio, 21h Festival Internacional CanJazz, El Roble Restobar, Boulevard de Barranco 147, Barranco, Lima, Per\u00fa<\/li>\n<li>24 de maio, 19:30h Festival Internacional CanJazz, Plaza de Armas, Cercado, Arequipa, Per\u00fa<\/li>\n<li>28 de maio, 20h Festival Internacional CanJazz, C. Palacio 110, Cusco, Per\u00fa<\/li>\n<\/ul>\n","protected":false},"excerpt":{"rendered":"<p>Duo Repicado, de F\u00e1bio Leal e Carol Panesi, leva o novo show do Duo pela primeira vez nas cidades de Lima, Arequipa e Cusco, no Peru, e em C\u00f3rdoba, na Argentina. &nbsp; Al\u00e9m do show, a fim de ampliar o interc\u00e2mbio cultural entre m\u00fasicos brasileiros, peruanos e argentinos, o duo far\u00e1 o workshop \u201cImprovisa\u00e7\u00e3o e [&hellip;]<\/p>\n","protected":false},"author":7,"featured_media":18473,"comment_status":"closed","ping_status":"closed","sticky":false,"template":"","format":"standard","meta":{"_monsterinsights_skip_tracking":false,"_monsterinsights_sitenote_active":false,"_monsterinsights_sitenote_note":"","_monsterinsights_sitenote_category":0,"footnotes":""},"categories":[218],"tags":[],"class_list":["post-18475","post","type-post","status-publish","format-standard","has-post-thumbnail","hentry","category-noticias-generales-pt"],"lang":"pt","translations":{"pt":18475,"es":18472},"pll_sync_post":[],"post_mailing_queue_ids":[],"_links":{"self":[{"href":"https:\/\/www.ibermusicas.org\/index.php\/wp-json\/wp\/v2\/posts\/18475","targetHints":{"allow":["GET"]}}],"collection":[{"href":"https:\/\/www.ibermusicas.org\/index.php\/wp-json\/wp\/v2\/posts"}],"about":[{"href":"https:\/\/www.ibermusicas.org\/index.php\/wp-json\/wp\/v2\/types\/post"}],"author":[{"embeddable":true,"href":"https:\/\/www.ibermusicas.org\/index.php\/wp-json\/wp\/v2\/users\/7"}],"replies":[{"embeddable":true,"href":"https:\/\/www.ibermusicas.org\/index.php\/wp-json\/wp\/v2\/comments?post=18475"}],"version-history":[{"count":0,"href":"https:\/\/www.ibermusicas.org\/index.php\/wp-json\/wp\/v2\/posts\/18475\/revisions"}],"wp:featuredmedia":[{"embeddable":true,"href":"https:\/\/www.ibermusicas.org\/index.php\/wp-json\/wp\/v2\/media\/18473"}],"wp:attachment":[{"href":"https:\/\/www.ibermusicas.org\/index.php\/wp-json\/wp\/v2\/media?parent=18475"}],"wp:term":[{"taxonomy":"category","embeddable":true,"href":"https:\/\/www.ibermusicas.org\/index.php\/wp-json\/wp\/v2\/categories?post=18475"},{"taxonomy":"post_tag","embeddable":true,"href":"https:\/\/www.ibermusicas.org\/index.php\/wp-json\/wp\/v2\/tags?post=18475"}],"curies":[{"name":"wp","href":"https:\/\/api.w.org\/{rel}","templated":true}]}}