{"id":18508,"date":"2024-05-13T20:01:37","date_gmt":"2024-05-13T20:01:37","guid":{"rendered":"https:\/\/www.ibermusicas.org\/?p=18508"},"modified":"2024-06-03T16:50:09","modified_gmt":"2024-06-03T16:50:09","slug":"el-compositor-venezolano-emilio-mendoza-guardia-guardia-inicia-su-residencia-mirando-los-sonidos-musica-visual-y-abstraccion-en-video-arte-en-zkm-zentrum-fur-kunst-und-medien-kar","status":"publish","type":"post","link":"https:\/\/www.ibermusicas.org\/index.php\/el-compositor-venezolano-emilio-mendoza-guardia-guardia-inicia-su-residencia-mirando-los-sonidos-musica-visual-y-abstraccion-en-video-arte-en-zkm-zentrum-fur-kunst-und-medien-kar\/","title":{"rendered":"El compositor venezolano Emilio Mendoza Guardia inicia su residencia \u201cMirando los sonidos: m\u00fasica visual y abstracci\u00f3n en video-arte\u201d en ZKM &#8211; Zentrum f\u00fcr Kunst und Medien, Karlsruhe, Alemania"},"content":{"rendered":"<p>La investigaci\u00f3n de Emilio Mendoza Guardia se centra en determinar las posibilidades m\u00e1s cercanas de traslaci\u00f3n de m\u00fasica a visuales en movimiento, con los procedimientos musicales de composici\u00f3n aplicados al video-arte abstracto.<\/p>\n<p>&nbsp;<\/p>\n<p>La residencia de investigaci\u00f3n en el ZKM \u2013 Zentrum f\u00fcr Kunst und Medien (Centro para el Arte y Medios) en Karlsruhe, Alemania incluye el an\u00e1lisis de referencias audiovisuales con abstracci\u00f3n como su lenguaje visual dominante, que implica adem\u00e1s al arte visual de principios del siglo XX en occidente.<\/p>\n<p>&nbsp;<\/p>\n<p>Se asume que la percepci\u00f3n de abstracci\u00f3n visual tiende hacia un orden musical, como base al g\u00e9nero de la M\u00fasica Visual. Esta b\u00fasqueda ha sido un reto constante en la historia de la cultura y del arte occidental por siglos, con la ventaja de que hoy en d\u00eda la tecnolog\u00eda audiovisual ofrece las posibilidades de lograr este sue\u00f1o sinest\u00e9sico, coincidiendo con la generalizaci\u00f3n en nuestra sociedad actual del manejo de videos en grandes cantidades para cualquier tipo de comunicaci\u00f3n social y personal.<\/p>\n<p>&nbsp;<\/p>\n<p>El proyecto producir\u00e1 conocimiento art\u00edstico y t\u00e9cnico sobre M\u00fasica Visual en art\u00edculos especializados, as\u00ed como composiciones audiovisuales del autor.<\/p>\n<p>&nbsp;<\/p>\n<p>El Dr. Mendoza es un compositor, guitarrista, investigador y docente universitario. Ha desarrollado una producci\u00f3n creativa profesional en los dominios de la m\u00fasica regional, m\u00fasica de medios y en el arte musical acad\u00e9mico. En 1976, fue el primer venezolano en ser seleccionado para un festival de la International Society for Contemporary Music &#8211; ISCM en Boston, y en ganar el prestigioso Premio Internacional de Composici\u00f3n Gaudeamus en 1978, en Bilthoven, Pa\u00edses Bajos. Gan\u00f3 el Premio Nacional de Composici\u00f3n en 1981 y 1991, en Caracas. Alumno de Ioannidis, obtuvo el Diplom in Komposition del RSI, D\u00fcsseldorf, 1980, y estudi\u00f3 Danza y Percusi\u00f3n Africana en Kokrobitey, Ghana, 1981, con Mustapha Tettey Addy. Cofund\u00f3, dirigi\u00f3, y compuso para la Orquesta de Instrumentos Latinoamericanos &#8211; ODILA en Caracas, 1982-87. Recibi\u00f3 el Doctorado en Composici\u00f3n en la Catholic University of America, Washington, DC, 1990. Fue Profesor Asistente en la State University of New York, Potsdam, EUA, 1991-94. En 1995, desarroll\u00f3 el primer web audiovisual cultural de Venezuela sobre instrumentos musicales, como presidente de la Fundaci\u00f3n de Etnomusicolog\u00eda y Folklore, FUNDEF, en Caracas. Fue fundador, secretario, tesorero y presidente de la Sociedad Venezolana de M\u00fasica Contempor\u00e1nea desde 1975, fundador y primer presidente de la IASPM\/AL-Cap\u00edtulo de Venezuela, as\u00ed como miembro del Consejo Presidencial de la ISCM, 2004-08. Es Profesor Titular Jubilado de la Universidad Sim\u00f3n Bol\u00edvar, Caracas, 1998-2013, y ejerce desde octubre de 2022, como Profesor Titular en la Universidad Nacional Experimental de las Artes, Caracas. Se dedica como guitarrista en su grupo Ozono Jazz al activismo ecol\u00f3gico musical, as\u00ed como a la pedagog\u00eda de la guitarra.<\/p>\n<p>&nbsp;<\/p>\n<p>Emilio Mendoza Guardia ha sido ganador de la convocatoria 2023 de Iberm\u00fasicas en la modalidad de Ayudas a Compositores para Residencias Art\u00edsticas.<\/p>\n","protected":false},"excerpt":{"rendered":"<p>La investigaci\u00f3n de Emilio Mendoza Guardia se centra en determinar las posibilidades m\u00e1s cercanas de traslaci\u00f3n de m\u00fasica a visuales en movimiento, con los procedimientos musicales de composici\u00f3n aplicados al video-arte abstracto. &nbsp; La residencia de investigaci\u00f3n en el ZKM \u2013 Zentrum f\u00fcr Kunst und Medien (Centro para el Arte y Medios) en Karlsruhe, Alemania [&hellip;]<\/p>\n","protected":false},"author":7,"featured_media":18509,"comment_status":"closed","ping_status":"closed","sticky":false,"template":"","format":"standard","meta":{"_monsterinsights_skip_tracking":false,"_monsterinsights_sitenote_active":false,"_monsterinsights_sitenote_note":"","_monsterinsights_sitenote_category":0,"footnotes":""},"categories":[53],"tags":[],"class_list":["post-18508","post","type-post","status-publish","format-standard","has-post-thumbnail","hentry","category-noticias-generales"],"lang":"es","translations":{"es":18508,"pt":18511},"pll_sync_post":[],"post_mailing_queue_ids":[],"_links":{"self":[{"href":"https:\/\/www.ibermusicas.org\/index.php\/wp-json\/wp\/v2\/posts\/18508","targetHints":{"allow":["GET"]}}],"collection":[{"href":"https:\/\/www.ibermusicas.org\/index.php\/wp-json\/wp\/v2\/posts"}],"about":[{"href":"https:\/\/www.ibermusicas.org\/index.php\/wp-json\/wp\/v2\/types\/post"}],"author":[{"embeddable":true,"href":"https:\/\/www.ibermusicas.org\/index.php\/wp-json\/wp\/v2\/users\/7"}],"replies":[{"embeddable":true,"href":"https:\/\/www.ibermusicas.org\/index.php\/wp-json\/wp\/v2\/comments?post=18508"}],"version-history":[{"count":0,"href":"https:\/\/www.ibermusicas.org\/index.php\/wp-json\/wp\/v2\/posts\/18508\/revisions"}],"wp:featuredmedia":[{"embeddable":true,"href":"https:\/\/www.ibermusicas.org\/index.php\/wp-json\/wp\/v2\/media\/18509"}],"wp:attachment":[{"href":"https:\/\/www.ibermusicas.org\/index.php\/wp-json\/wp\/v2\/media?parent=18508"}],"wp:term":[{"taxonomy":"category","embeddable":true,"href":"https:\/\/www.ibermusicas.org\/index.php\/wp-json\/wp\/v2\/categories?post=18508"},{"taxonomy":"post_tag","embeddable":true,"href":"https:\/\/www.ibermusicas.org\/index.php\/wp-json\/wp\/v2\/tags?post=18508"}],"curies":[{"name":"wp","href":"https:\/\/api.w.org\/{rel}","templated":true}]}}