{"id":18633,"date":"2024-05-30T13:49:23","date_gmt":"2024-05-30T13:49:23","guid":{"rendered":"https:\/\/www.ibermusicas.org\/?p=18633"},"modified":"2024-06-14T19:42:52","modified_gmt":"2024-06-14T19:42:52","slug":"ibermusicas-abre-as-suas-chamadas-2024","status":"publish","type":"post","link":"https:\/\/www.ibermusicas.org\/index.php\/ibermusicas-abre-as-suas-chamadas-2024\/","title":{"rendered":"Iberm\u00fasicas abre as suas chamadas"},"content":{"rendered":"<p>\u00c9 com grande alegria que abrimos as convocat\u00f3rias anuais do Programa Iberm\u00fasicas, este ano com muitas novidades!<\/p>\n<p>Um grande leque de convocat\u00f3rias e concursos para dar impulso \u00e0 enorme quantidade de projetos musicais que, ano ap\u00f3s ano, atravessam fronteiras em busca de novos desafios.<\/p>\n<p>Procuramos dinamizar e fortalecer o setor da m\u00fasica atrav\u00e9s de pol\u00edticas p\u00fablicas de apoio; incentivar a cria\u00e7\u00e3o musical em todas as suas formas, sem distin\u00e7\u00e3o de estilos, g\u00eaneros e tradi\u00e7\u00f5es; promover o profissionalismo, a acessibilidade e a inclus\u00e3o e, fundamentalmente, democratizar o acesso \u00e0 cultura.<\/p>\n<p>Convidamos os agentes do setor musical a apresentar projetos que possam gerar um impacto positivo em qualquer parte do mundo!<\/p>\n<p>As propostas para este ciclo de convites s\u00e3o as seguintes:<\/p>\n<p>\u25cf <strong>Apoio \u00e0 circula\u00e7\u00e3o de profissionais da m\u00fasica<\/strong><br \/>\nUma convocat\u00f3ria pensada para levar o seu trabalho musical a qualquer parte do mundo! Podem ser apresentados projetos que visem \u00e0 internacionaliza\u00e7\u00e3o de espect\u00e1culos musicais, bem como projectos que promovam interc\u00e2mbios de cria\u00e7\u00e3o, composi\u00e7\u00e3o, pesquisa e conhecimento. Tendo em conta o elevado custo dos deslocamentos internacionais, esta linha de apoio concede recursos financeiros para a compra de passagens a\u00e9reas, terrestres ou fluviais.<\/p>\n<p>\u25cf <strong>Apoio \u00e0 programa\u00e7\u00e3o musical<\/strong><br \/>\nChamada destinada a programadores de festivais, feiras e mercados de m\u00fasica, salas de concerto, escolas de m\u00fasica, orquestras e coros, entre outros eventos e empreendimentos, que queiram convidar profissionais da m\u00fasica para participar de seus projetos. Assim, um festival ou um corredor cultural de festivais de m\u00fasica, por exemplo, pode apresentar uma proposta para convidar artistas de diferentes pa\u00edses para participar de sua programa\u00e7\u00e3o; uma editora discogr\u00e1fica pode convidar bookers para a apresenta\u00e7\u00e3o de suas bandas; uma orquestra ou v\u00e1rias orquestras associadas podem candidatar-se a convidar uma maestra; uma associa\u00e7\u00e3o de instrumentistas pode apresentar uma proposta para convidar um luthier para dar oficinas; entre muitas outras possibilidades. Vale lembrar que este apoio \u00e9 para cobrir as despesas de transporte (a\u00e9reo, terrestre ou fluvial).<\/p>\n<p>\u25cf <strong>Apoio a artistas e pesquisadores para resid\u00eancias<\/strong><br \/>\nUma convocat\u00f3ria para o desenvolvimento de trabalho criativo ou de investiga\u00e7\u00e3o junto a uma institui\u00e7\u00e3o ou grupo musical de acolhida. Neste sentido, esta chamada est\u00e1 aberta n\u00e3o s\u00f3 a compositores ou grupos musicais, mas tamb\u00e9m a pesquisadores, para a realiza\u00e7\u00e3o de projetos em qualquer parte do mundo. A dura\u00e7\u00e3o das resid\u00eancias deve ser, no m\u00ednimo, de tr\u00eas semanas.<\/p>\n<p>\u25cf <strong>Apoio a institui\u00e7\u00f5es para resid\u00eancias<\/strong><br \/>\nUma chamada para institui\u00e7\u00f5es p\u00fablicas ou privadas, organiza\u00e7\u00f5es ou grupos que queiram convidar compositores, maestros, diretores ou investigadores de todo o mundo para realizar um trabalho criativo ou de pesquisa, em resid\u00eancia, por um per\u00edodo m\u00ednimo de tr\u00eas semanas.<\/p>\n<p>\u25cf <strong>Apoio \u00e0 especializa\u00e7\u00e3o e aperfei\u00e7oamento art\u00edstico e t\u00e9cnico<\/strong><br \/>\nUma convocat\u00f3ria que oferece a oportunidade de realiza\u00e7\u00e3o de estudos avan\u00e7ados em todos os campos do conhecimento e do trabalho musical, em qualquer parte do mundo. Este processo de aprendizagem pode ser realizado tanto no \u00e2mbito institucional quanto de forma particular com grandes mestres e mestras da cultura popular. O apoio financeiro do Iberm\u00fasicas poder\u00e1 cobrir todos os custos do processo de especializa\u00e7\u00e3o.<\/p>\n<p>\u25cf <strong>Apoio a projetos virtuais<\/strong><br \/>\nApresentamos um apoio destinado \u00e0 realiza\u00e7\u00e3o de projetos musicais que utilizem ferramentas virtuais como plataformas: grava\u00e7\u00e3o de \u00e1lbuns, cria\u00e7\u00e3o de videoclipes, transmiss\u00e3o streaming de espet\u00e1culos, colabora\u00e7\u00f5es virtuais, videoconfer\u00eancias, workshops virtuais, podcasts e muito mais.<\/p>\n<p>\u25cf <strong>Apoio \u00e0 promo\u00e7\u00e3o do repert\u00f3rio ibero-americano<\/strong><br \/>\nUma nova proposta do Programa Iberm\u00fasicas dirigida a orquestras, coros, conjuntos, entre outros, para promover a programa\u00e7\u00e3o de m\u00fasica escrita criada por compositores da Ibero-Am\u00e9rica. As obras devem pertencer ao Cat\u00e1logo Ibero-Americano de Partituras, que est\u00e1 dispon\u00edvel no s\u00edtio web do Iberm\u00fasicas. Trata-se de um cat\u00e1logo vivo ao qual podem ser acrescentadas novas obras de forma permanente e gratuita, o que democratizar\u00e1 o acesso e a divulga\u00e7\u00e3o das obras da regi\u00e3o. A convocat\u00f3ria \u00e9 um convite a um mergulho no enorme acervo de m\u00fasica escrita que reflete a grande riqueza criativa do espa\u00e7o ibero-americano.<\/p>\n<p>\u25cf <strong>Pr\u00e9mio Iberm\u00fasicas de can\u00e7\u00e3o para as inf\u00e2ncias<\/strong><br \/>\nO j\u00e1 cl\u00e1ssico Concurso de Cria\u00e7\u00e3o Colaborativa de Can\u00e7\u00f5es, em que criadoras e criadores da regi\u00e3o comp\u00f5em em duplas criativas, ter\u00e1 este ano um novo enfoque: estar\u00e1 especialmente orientado para as inf\u00e2ncias, segmento em que a can\u00e7\u00e3o ibero-americana tem se destacado. Entendendo a inf\u00e2ncia como o tempo da descoberta, do deslumbramento, da surpresa e da maravilha do mundo, o Iberm\u00fasicas prop\u00f5e neste novo concurso a possibilidade de cria\u00e7\u00e3o de letras em todas as l\u00ednguas dos pa\u00edses ibero-americanos, inclusive as origin\u00e1rias.<\/p>\n<p>\u25cf <strong>Pr\u00e9mio Iberm\u00fasicas de composi\u00e7\u00e3o de obra coral<\/strong><br \/>\nIncentivando a cria\u00e7\u00e3o musical com absoluta liberdade criativa, o Programa Iberm\u00fasicas prop\u00f5e uma nova edi\u00e7\u00e3o dos seus concursos para a cria\u00e7\u00e3o de obras de concerto, neste caso especificamente orientadas para a cria\u00e7\u00e3o de novas obras corais, que ser\u00e3o estreadas por agrupamentos nacionais de primeira linha de Cuba e da Venezuela.<\/p>\n<p>\u25cf <strong>Chamada especial Iberm\u00fasicas \u2013 Mid Atlantic Arts<\/strong><br \/>\nCom o objetivo de promover o di\u00e1logo intercultural entre artistas musicais da Ibero-Am\u00e9rica e dos Estados Unidos, Iberm\u00fasicas e Mid Atlantic Arts lan\u00e7am esta convocat\u00f3ria em colabora\u00e7\u00e3o para apoiar a circula\u00e7\u00e3o de artistas ibero-americanos nos Estados Unidos. Conscientes do impacto que o custo e a tramita\u00e7\u00e3o dos vistos de trabalho t\u00eam nos projectos que promovem a circula\u00e7\u00e3o de artistas nos Estados Unidos, Iberm\u00fasicas centra esta convocat\u00f3ria na presta\u00e7\u00e3o de assist\u00eancia espec\u00edfica nesta \u00e1rea. Por sua vez, a Mid Atlantic Arts apoiar\u00e1 os artistas ibero-americanos seleccionados atrav\u00e9s do apoio financeiro \u00e0s institui\u00e7\u00f5es anfitri\u00e3s dos concertos para a gest\u00e3o dos contratos art\u00edsticos.<\/p>\n<p>\u25cf <strong>Viagens pela m\u00fasica em l\u00edngua portuguesa<\/strong><br \/>\nPela primeira vez, haver\u00e1 uma linha de apoio destinada a cidad\u00e3os e cidad\u00e3s dos pa\u00edses da Comunidade de Pa\u00edses de L\u00edngua Portuguesa localizados na \u00c1frica (Angola, Cabo Verde, Guin\u00e9-Bissau, Guin\u00e9 Equatorial, Mo\u00e7ambique, S\u00e3o Tom\u00e9 e Pr\u00edncipe) e na \u00c1sia (Timor Leste). Por iniciativa de Brasil e Portugal, a linha de apoio foi criada para facilitar a circula\u00e7\u00e3o de artistas e agentes musicais da CPLP na regi\u00e3o Ibero-Americana. Uma convocat\u00f3ria que tem por objetivo ressaltar os la\u00e7os que surgem da diversidade musical dos pa\u00edses de l\u00edngua oficial portuguesa, a fim de construir pontes de cultura e coopera\u00e7\u00e3o entre Am\u00e9rica Latina, Europa, \u00c1frica e o Sudeste Asi\u00e1tico. De car\u00e1ter multilateral e pluricontinental, a iniciativa se prop\u00f5e a reduzir dist\u00e2ncias f\u00edsicas e aproximar os povos.<\/p>\n<p>\u25cf <strong>Pr\u00eamio Brasil &#8211; Iberm\u00fasicas<\/strong><br \/>\nCom o objetivo de reconhecer o m\u00e9rito de iniciativas ou espa\u00e7os que se t\u00eam dedicado, ao longo dos anos, \u00e0 difus\u00e3o da m\u00fasica brasileira no espa\u00e7o ibero-americano e em todo o mundo, propomos esta convocat\u00f3ria, especialmente criada pelo Brasil.<\/p>\n<p>\u25cf <strong>Pr\u00eamio Per\u00fa &#8211; Iberm\u00fasicas &#8211; 100 anos do nascimento de Nicomedes Santa Cruz &#8211; Cria\u00e7\u00e3o de can\u00e7\u00e3o em d\u00e9cimas<\/strong><br \/>\nComemorando o 100\u00ba anivers\u00e1rio do nascimento de um dos maiores artistas peruanos da hist\u00f3ria e celebrando a sua vasta obra e o seu legado imortal como folclorista e pensador que promoveu a reivindica\u00e7\u00e3o da cultura e dos direitos da comunidade afro-peruana, o Peru prop\u00f5e este concurso que premiar\u00e1 a cria\u00e7\u00e3o de uma can\u00e7\u00e3o inspirada na sua obra musical, que ser\u00e1 estreada durante as comemora\u00e7\u00f5es.<\/p>\n<p>* * *<\/p>\n<p>Os editais de todos os concursos estar\u00e3o dispon\u00edveis no s\u00edtio web do Programa Iberm\u00fasicas a partir de 1 de junho. O per\u00edodo de inscri\u00e7\u00f5es come\u00e7a em 15 de junho. <strong>As convocat\u00f3rias permanecer\u00e3o abertas at\u00e9 1\u00b0 de outubro, exceto a convocat\u00f3ria de sinergia Iberm\u00fasicas-Mid Atlantic Arts, cujo per\u00edodo de inscri\u00e7\u00e3o termina em 15 de setembro. Os projetos selecionados ser\u00e3o anunciados em 29 de novembro.<\/strong><\/p>\n<p>Bem-vindas e bem-vindos a uma nova edi\u00e7\u00e3o das convocat\u00f3rias e concursos do Iberm\u00fasicas, que se abrem a novas propostas e novos desafios para fazer o mundo soar melhor.<\/p>\n","protected":false},"excerpt":{"rendered":"<p>\u00c9 com grande alegria que abrimos as convocat\u00f3rias anuais do Programa Iberm\u00fasicas, este ano com muitas novidades! Um grande leque de convocat\u00f3rias e concursos para dar impulso \u00e0 enorme quantidade de projetos musicais que, ano ap\u00f3s ano, atravessam fronteiras em busca de novos desafios. Procuramos dinamizar e fortalecer o setor da m\u00fasica atrav\u00e9s de pol\u00edticas [&hellip;]<\/p>\n","protected":false},"author":7,"featured_media":18752,"comment_status":"closed","ping_status":"closed","sticky":false,"template":"","format":"standard","meta":{"_monsterinsights_skip_tracking":false,"_monsterinsights_sitenote_active":false,"_monsterinsights_sitenote_note":"","_monsterinsights_sitenote_category":0,"footnotes":""},"categories":[218],"tags":[],"class_list":["post-18633","post","type-post","status-publish","format-standard","has-post-thumbnail","hentry","category-noticias-generales-pt"],"lang":"pt","translations":{"pt":18633},"pll_sync_post":[],"post_mailing_queue_ids":[],"_links":{"self":[{"href":"https:\/\/www.ibermusicas.org\/index.php\/wp-json\/wp\/v2\/posts\/18633","targetHints":{"allow":["GET"]}}],"collection":[{"href":"https:\/\/www.ibermusicas.org\/index.php\/wp-json\/wp\/v2\/posts"}],"about":[{"href":"https:\/\/www.ibermusicas.org\/index.php\/wp-json\/wp\/v2\/types\/post"}],"author":[{"embeddable":true,"href":"https:\/\/www.ibermusicas.org\/index.php\/wp-json\/wp\/v2\/users\/7"}],"replies":[{"embeddable":true,"href":"https:\/\/www.ibermusicas.org\/index.php\/wp-json\/wp\/v2\/comments?post=18633"}],"version-history":[{"count":0,"href":"https:\/\/www.ibermusicas.org\/index.php\/wp-json\/wp\/v2\/posts\/18633\/revisions"}],"wp:featuredmedia":[{"embeddable":true,"href":"https:\/\/www.ibermusicas.org\/index.php\/wp-json\/wp\/v2\/media\/18752"}],"wp:attachment":[{"href":"https:\/\/www.ibermusicas.org\/index.php\/wp-json\/wp\/v2\/media?parent=18633"}],"wp:term":[{"taxonomy":"category","embeddable":true,"href":"https:\/\/www.ibermusicas.org\/index.php\/wp-json\/wp\/v2\/categories?post=18633"},{"taxonomy":"post_tag","embeddable":true,"href":"https:\/\/www.ibermusicas.org\/index.php\/wp-json\/wp\/v2\/tags?post=18633"}],"curies":[{"name":"wp","href":"https:\/\/api.w.org\/{rel}","templated":true}]}}