{"id":19421,"date":"2024-07-12T13:15:18","date_gmt":"2024-07-12T13:15:18","guid":{"rendered":"https:\/\/www.ibermusicas.org\/?p=19421"},"modified":"2024-08-01T19:00:57","modified_gmt":"2024-08-01T19:00:57","slug":"la-violonchelista-colombiana-adriana-roa-alfonso-presenta-el-resultado-de-su-estadia-de-especializacion-en-argentina-junto-al-maestro-rafael-delgado","status":"publish","type":"post","link":"https:\/\/www.ibermusicas.org\/index.php\/la-violonchelista-colombiana-adriana-roa-alfonso-presenta-el-resultado-de-su-estadia-de-especializacion-en-argentina-junto-al-maestro-rafael-delgado\/","title":{"rendered":"La violonchelista colombiana Adriana Roa Alfonso, presenta el resultado de su estad\u00eda de especializaci\u00f3n en Argentina junto al Maestro Rafael Delgado"},"content":{"rendered":"<p>Ellas y su voz argentina es un proyecto llevado adelante por Adriana Roa Alfonso, en el marco de las Ayudas para la especializaci\u00f3n y perfeccionamiento art\u00edstico y t\u00e9cnico del sector musical de iberm\u00fasicas, convocatoria 2023.<\/p>\n<p>&nbsp;<\/p>\n<p>Adriana Roa Alfonso ha viajado a la ciudad de Buenos Aires, Argentina con el objetivo de alcanzar el nivel interpretativo y musical en el violonchelo con \u00e9nfasis en m\u00fasica popular argentina, necesario para el montaje de m\u00fasica acompa\u00f1ante de poes\u00eda recitada en el espect\u00e1culo que viene trabajando. En su pa\u00eds mont\u00f3 el espect\u00e1culo \u00abEllas y su voz colombiana\u00bb, sobre poemas propios acerca de la biograf\u00eda de mujeres relevantes para la historia de Colombia. Su trabajo en Argentina culminar\u00e1 con\u00a0 el montaje de una nueva obra llamada \u00abEllas y su voz argentina\u00bb, hablando ahora de la vida de mujeres argentinas. El objetivo es crear un espect\u00e1culo tem\u00e1tico con poemas sobre mujeres importantes para la historia de Argentina, especialmente aquellas que hayan sobresalido por ser un referente en la lucha por la igualdad de g\u00e9nero.<\/p>\n<p>&nbsp;<\/p>\n<p>En su b\u00fasqueda se ha remitido directamente a uno de los mayores referentes en cuanto a la interpretaci\u00f3n del violonchelo popular en Latinoam\u00e9rica: el violonchelista, docente e investigador Rafael Delgado. Mediante este encuentro, Adriana Roa procura desarrollar capacidades musicales e interpretativas en ritmos propios del folklore\u00a0 argentino, mediante el aprendizaje de t\u00e9cnicas espec\u00edficas y extendidas en el violonchelo popular como golpes de arco, percusiones y acompa\u00f1amientos arm\u00f3nicos especializados.<\/p>\n<p>&nbsp;<\/p>\n<p>Como muestra final de resultados realizar\u00e1 un recital a manera de concierto did\u00e1ctico con entrada libre y abierto al p\u00fablico, interpretando algunos temas donde se exploren las t\u00e9cnicas extendidas aplicadas al violonchelo popular. Adem\u00e1s, durante el evento se dar\u00e1 una charla compartiendo el proceso de aprendizaje, exaltando las virtudes y dificultades encontradas en el transcurso del mismo. Esta muestra de resultados del curso intensivo ser\u00e1 un recital con poemas sobre mujeres argentinas musicalizados en huayno, chacarera y zamba acompa\u00f1ando a la poes\u00eda como expresi\u00f3n de amor, desamor, feminismo y cambio social, con fragmentos mel\u00f3dicos en violonchelo interpretados en vivo, apoyados en procesos y efectos digitales y anal\u00f3gicos creando bucles y atm\u00f3sferas para acompa\u00f1ar los poemas.<\/p>\n<p>&nbsp;<\/p>\n<p>A su vez, Adriana Roa brindar\u00e1 un taller virtual destinado a int\u00e9rpretes del violonchelo, en el cual compartir\u00e1 parte de los saberes alcanzados en este trabajo de especializaci\u00f3n.<\/p>\n<p>&nbsp;<\/p>\n<ul>\n<li>18 de julio, 20h30, Esc\u00e9nico 420, Av. Callao 420, Ciudad de Buenos Aires, Argentina<\/li>\n<li>23, 24 y 25 de julio, Taller virtual, 18h de Colombia, 20h de Argentina. Inscripci\u00f3n en: https:\/\/forms.gle\/iZMmhjNk4Bz4n4Mr6<\/li>\n<\/ul>\n","protected":false},"excerpt":{"rendered":"<p>Ellas y su voz argentina es un proyecto llevado adelante por Adriana Roa Alfonso, en el marco de las Ayudas para la especializaci\u00f3n y perfeccionamiento art\u00edstico y t\u00e9cnico del sector musical de iberm\u00fasicas, convocatoria 2023. &nbsp; Adriana Roa Alfonso ha viajado a la ciudad de Buenos Aires, Argentina con el objetivo de alcanzar el nivel [&hellip;]<\/p>\n","protected":false},"author":7,"featured_media":19422,"comment_status":"closed","ping_status":"closed","sticky":false,"template":"","format":"standard","meta":{"_monsterinsights_skip_tracking":false,"_monsterinsights_sitenote_active":false,"_monsterinsights_sitenote_note":"","_monsterinsights_sitenote_category":0,"footnotes":""},"categories":[53],"tags":[],"class_list":["post-19421","post","type-post","status-publish","format-standard","has-post-thumbnail","hentry","category-noticias-generales"],"lang":"es","translations":{"es":19421,"pt":19424},"pll_sync_post":[],"post_mailing_queue_ids":[],"_links":{"self":[{"href":"https:\/\/www.ibermusicas.org\/index.php\/wp-json\/wp\/v2\/posts\/19421","targetHints":{"allow":["GET"]}}],"collection":[{"href":"https:\/\/www.ibermusicas.org\/index.php\/wp-json\/wp\/v2\/posts"}],"about":[{"href":"https:\/\/www.ibermusicas.org\/index.php\/wp-json\/wp\/v2\/types\/post"}],"author":[{"embeddable":true,"href":"https:\/\/www.ibermusicas.org\/index.php\/wp-json\/wp\/v2\/users\/7"}],"replies":[{"embeddable":true,"href":"https:\/\/www.ibermusicas.org\/index.php\/wp-json\/wp\/v2\/comments?post=19421"}],"version-history":[{"count":0,"href":"https:\/\/www.ibermusicas.org\/index.php\/wp-json\/wp\/v2\/posts\/19421\/revisions"}],"wp:featuredmedia":[{"embeddable":true,"href":"https:\/\/www.ibermusicas.org\/index.php\/wp-json\/wp\/v2\/media\/19422"}],"wp:attachment":[{"href":"https:\/\/www.ibermusicas.org\/index.php\/wp-json\/wp\/v2\/media?parent=19421"}],"wp:term":[{"taxonomy":"category","embeddable":true,"href":"https:\/\/www.ibermusicas.org\/index.php\/wp-json\/wp\/v2\/categories?post=19421"},{"taxonomy":"post_tag","embeddable":true,"href":"https:\/\/www.ibermusicas.org\/index.php\/wp-json\/wp\/v2\/tags?post=19421"}],"curies":[{"name":"wp","href":"https:\/\/api.w.org\/{rel}","templated":true}]}}