{"id":19426,"date":"2024-07-12T13:37:23","date_gmt":"2024-07-12T13:37:23","guid":{"rendered":"https:\/\/www.ibermusicas.org\/?p=19426"},"modified":"2024-08-01T19:01:03","modified_gmt":"2024-08-01T19:01:03","slug":"el-grupo-brasileno-mandale-mecha-continua-su-extensa-gira-europea-con-presentaciones-en-portugal","status":"publish","type":"post","link":"https:\/\/www.ibermusicas.org\/index.php\/el-grupo-brasileno-mandale-mecha-continua-su-extensa-gira-europea-con-presentaciones-en-portugal\/","title":{"rendered":"El grupo brasile\u00f1o \u00abMandale Mecha\u00bb contin\u00faa su extensa gira europea con presentaciones en Portugal"},"content":{"rendered":"<p>Con un repertorio enriquecido por letras en portugu\u00e9s, espa\u00f1ol e ingl\u00e9s, Mandale Mecha presenta una propuesta musical verdaderamente multicultural y contempor\u00e1nea. Mandale Mecha naci\u00f3 en 2019 en Florian\u00f3polis\/SC. Sus miembros son m\u00fasicos activos en la escena brasile\u00f1a desde hace m\u00e1s de 10 a\u00f1os: liderados por la frontwoman argentina Michu M\u00e9ndez (de Petit Mort en Buenos Aires, residente en Florian\u00f3polis\/SC) en la voz, Chico Abreu (de la banda Skrotes en Florian\u00f3polis\/SC) en el bajo y sintetizador, y Gustavo Koshikumo (de Ekena en S\u00e3o Carlos\/SP) en la guitarra y la computadora. En asociaci\u00f3n con el sello espa\u00f1ol Raso Est\u00fadio y la distribuidora Altafonte Espa\u00f1a, el grupo ha lanzado m\u00e1s de 40 canciones durante la pandemia, en 3 \u00e1lbumes: \u00abFicken und kiffen\u00bb (2020), \u00abMaracuy\u00e1 azedo\u00bb y \u00abMaracuy\u00e1 doce\u00bb (2022), una serie de singles en 2021 y 5 feats\/colaboraciones. La banda ha superado los dos millones de streams en Spotify, una de las principales plataformas digitales. Destacan el poderoso himno feminista latinoamericano \u00abEl Sol\u00bb, con el grupo Mulamba de Curitiba, y el sensual \u00abD\u00eda de Suerte\u00bb.<\/p>\n<p>&nbsp;<\/p>\n<p>Mandale Mecha se propone ofrecer una experiencia en directo que trasciende fronteras y g\u00e9neros, con todos sus \u00e9xitos y mucha energ\u00eda contagiosa, invitando al p\u00fablico a bailar, saltar e involucrarse en la explosi\u00f3n de sonido con la cautivadora presencia esc\u00e9nica de Michu, con el fin de proporcionar una experiencia \u00fanica y memorable a su p\u00fablico. Cada espect\u00e1culo es un aut\u00e9ntico crisol de influencias que van desde la new wave tropical al contagioso pop latino, pasando por la electrizante m\u00fasica electr\u00f3nica, la sensualidad del jazz y la actitud combativa del hip hop y el rock.<\/p>\n<p>&nbsp;<\/p>\n<p>Este proyecto ha sido ganador de las convocatorias de Iberm\u00fasicas 2023 en la l\u00ednea de Ayudas al Sector Musical para la Circulaci\u00f3n.<\/p>\n<p>&nbsp;<\/p>\n<ul>\n<li>20 de julio: Festival M, Coimbra, portugal<\/li>\n<li>21 de julio: Piolho Bar, Praia do Tocha, Portugal<\/li>\n<\/ul>\n","protected":false},"excerpt":{"rendered":"<p>Con un repertorio enriquecido por letras en portugu\u00e9s, espa\u00f1ol e ingl\u00e9s, Mandale Mecha presenta una propuesta musical verdaderamente multicultural y contempor\u00e1nea. Mandale Mecha naci\u00f3 en 2019 en Florian\u00f3polis\/SC. Sus miembros son m\u00fasicos activos en la escena brasile\u00f1a desde hace m\u00e1s de 10 a\u00f1os: liderados por la frontwoman argentina Michu M\u00e9ndez (de Petit Mort en Buenos [&hellip;]<\/p>\n","protected":false},"author":7,"featured_media":19427,"comment_status":"closed","ping_status":"closed","sticky":false,"template":"","format":"standard","meta":{"_monsterinsights_skip_tracking":false,"_monsterinsights_sitenote_active":false,"_monsterinsights_sitenote_note":"","_monsterinsights_sitenote_category":0,"footnotes":""},"categories":[53],"tags":[],"class_list":["post-19426","post","type-post","status-publish","format-standard","has-post-thumbnail","hentry","category-noticias-generales"],"lang":"es","translations":{"es":19426,"pt":19429},"pll_sync_post":[],"post_mailing_queue_ids":[],"_links":{"self":[{"href":"https:\/\/www.ibermusicas.org\/index.php\/wp-json\/wp\/v2\/posts\/19426","targetHints":{"allow":["GET"]}}],"collection":[{"href":"https:\/\/www.ibermusicas.org\/index.php\/wp-json\/wp\/v2\/posts"}],"about":[{"href":"https:\/\/www.ibermusicas.org\/index.php\/wp-json\/wp\/v2\/types\/post"}],"author":[{"embeddable":true,"href":"https:\/\/www.ibermusicas.org\/index.php\/wp-json\/wp\/v2\/users\/7"}],"replies":[{"embeddable":true,"href":"https:\/\/www.ibermusicas.org\/index.php\/wp-json\/wp\/v2\/comments?post=19426"}],"version-history":[{"count":0,"href":"https:\/\/www.ibermusicas.org\/index.php\/wp-json\/wp\/v2\/posts\/19426\/revisions"}],"wp:featuredmedia":[{"embeddable":true,"href":"https:\/\/www.ibermusicas.org\/index.php\/wp-json\/wp\/v2\/media\/19427"}],"wp:attachment":[{"href":"https:\/\/www.ibermusicas.org\/index.php\/wp-json\/wp\/v2\/media?parent=19426"}],"wp:term":[{"taxonomy":"category","embeddable":true,"href":"https:\/\/www.ibermusicas.org\/index.php\/wp-json\/wp\/v2\/categories?post=19426"},{"taxonomy":"post_tag","embeddable":true,"href":"https:\/\/www.ibermusicas.org\/index.php\/wp-json\/wp\/v2\/tags?post=19426"}],"curies":[{"name":"wp","href":"https:\/\/api.w.org\/{rel}","templated":true}]}}