{"id":19436,"date":"2024-07-12T14:10:50","date_gmt":"2024-07-12T14:10:50","guid":{"rendered":"https:\/\/www.ibermusicas.org\/?p=19436"},"modified":"2024-07-12T14:10:50","modified_gmt":"2024-07-12T14:10:50","slug":"el-festival-noites-de-verao-de-portugal-invita-a-los-artistas-brasilenos-mbe-lucas-pires","status":"publish","type":"post","link":"https:\/\/www.ibermusicas.org\/index.php\/el-festival-noites-de-verao-de-portugal-invita-a-los-artistas-brasilenos-mbe-lucas-pires\/","title":{"rendered":"El Festival Noites de Ver\u00e3o de Portugal invita a los artistas brasile\u00f1os Mb\u00e9 + Lucas Pires"},"content":{"rendered":"<p>Noites de Ver\u00e3o 2024, organizado por Filho \u00danico &#8211; Associa\u00e7\u00e3o Cultural. Noites de Ver\u00e3o es un programa de conciertos al aire libre con entrada gratuita que tienen lugar en Lisboa en el mes de julio.<\/p>\n<p>&nbsp;<\/p>\n<p>Mb\u00e9 es un joven artista afrobrasile\u00f1o polifac\u00e9tico, con conciencia pol\u00edtica, que cuestiona cr\u00edticamente la historia contada y no contada de su clase y etnia en la sociedad brasile\u00f1a. Su contribuci\u00f3n c\u00edvica, organizada en un colectivo experimental de m\u00fasica comunitaria en R\u00edo de Janeiro, y su expresi\u00f3n art\u00edstica son decisivas para un cap\u00edtulo nuevo, progresista y m\u00e1s equitativo en el panorama de la rica producci\u00f3n cultural de Brasil.<\/p>\n<p>&nbsp;<\/p>\n<p>La m\u00fasica de Mb\u00e9, hecha de collages, tiene una clara matriz pol\u00edtica combinada con una cautivadora densidad espiritual, y ha revelado una importante voz negra independiente en el actual proceso de lucha contra la marginaci\u00f3n hist\u00f3rica de la expresi\u00f3n art\u00edstica negra en Brasil.<\/p>\n<p>&nbsp;<\/p>\n<p>Mb\u00e9, palabra que procede del yoruba y significa \u00abser y existir\u00bb, es la persona del artista, investigador, productor musical e ingeniero de sonido carioca Luan Correia. Su proyecto se basa en la investigaci\u00f3n y la s\u00edntesis creativa entre f\u00f3siles tecnol\u00f3gicos, utilizados como herramientas de comunicaci\u00f3n con el pasado y el futuro.<\/p>\n<p>&nbsp;<\/p>\n<p>Noites de Ver\u00e3o ha sido ganador de las convocatorias de Iberm\u00fasicas 2023 para Ayudas a la Programaci\u00f3n.<\/p>\n<p><strong>\u00a0<\/strong><\/p>\n<p><strong>\u00a0<\/strong><\/p>\n<ul>\n<li>19 de julio, 19h30, Noites de Ver\u00e3o 2024, Facultad de Bellas Artes, Lisboa, Portugal<\/li>\n<\/ul>\n","protected":false},"excerpt":{"rendered":"<p>Noites de Ver\u00e3o 2024, organizado por Filho \u00danico &#8211; Associa\u00e7\u00e3o Cultural. Noites de Ver\u00e3o es un programa de conciertos al aire libre con entrada gratuita que tienen lugar en Lisboa en el mes de julio. &nbsp; Mb\u00e9 es un joven artista afrobrasile\u00f1o polifac\u00e9tico, con conciencia pol\u00edtica, que cuestiona cr\u00edticamente la historia contada y no contada [&hellip;]<\/p>\n","protected":false},"author":7,"featured_media":19437,"comment_status":"closed","ping_status":"closed","sticky":false,"template":"","format":"standard","meta":{"_monsterinsights_skip_tracking":false,"_monsterinsights_sitenote_active":false,"_monsterinsights_sitenote_note":"","_monsterinsights_sitenote_category":0,"footnotes":""},"categories":[53],"tags":[],"class_list":["post-19436","post","type-post","status-publish","format-standard","has-post-thumbnail","hentry","category-noticias-generales"],"lang":"es","translations":{"es":19436,"pt":19439},"pll_sync_post":[],"post_mailing_queue_ids":[],"_links":{"self":[{"href":"https:\/\/www.ibermusicas.org\/index.php\/wp-json\/wp\/v2\/posts\/19436","targetHints":{"allow":["GET"]}}],"collection":[{"href":"https:\/\/www.ibermusicas.org\/index.php\/wp-json\/wp\/v2\/posts"}],"about":[{"href":"https:\/\/www.ibermusicas.org\/index.php\/wp-json\/wp\/v2\/types\/post"}],"author":[{"embeddable":true,"href":"https:\/\/www.ibermusicas.org\/index.php\/wp-json\/wp\/v2\/users\/7"}],"replies":[{"embeddable":true,"href":"https:\/\/www.ibermusicas.org\/index.php\/wp-json\/wp\/v2\/comments?post=19436"}],"version-history":[{"count":0,"href":"https:\/\/www.ibermusicas.org\/index.php\/wp-json\/wp\/v2\/posts\/19436\/revisions"}],"wp:featuredmedia":[{"embeddable":true,"href":"https:\/\/www.ibermusicas.org\/index.php\/wp-json\/wp\/v2\/media\/19437"}],"wp:attachment":[{"href":"https:\/\/www.ibermusicas.org\/index.php\/wp-json\/wp\/v2\/media?parent=19436"}],"wp:term":[{"taxonomy":"category","embeddable":true,"href":"https:\/\/www.ibermusicas.org\/index.php\/wp-json\/wp\/v2\/categories?post=19436"},{"taxonomy":"post_tag","embeddable":true,"href":"https:\/\/www.ibermusicas.org\/index.php\/wp-json\/wp\/v2\/tags?post=19436"}],"curies":[{"name":"wp","href":"https:\/\/api.w.org\/{rel}","templated":true}]}}