{"id":19455,"date":"2024-07-12T14:44:45","date_gmt":"2024-07-12T14:44:45","guid":{"rendered":"https:\/\/www.ibermusicas.org\/?p=19455"},"modified":"2024-08-01T19:01:29","modified_gmt":"2024-08-01T19:01:29","slug":"la-orquesta-portuguesa-de-guitarras-y-mandolinas-presenta-su-espectaculo-con-el-gran-mandolinista-brasileno-hamilton-de-holanda","status":"publish","type":"post","link":"https:\/\/www.ibermusicas.org\/index.php\/la-orquesta-portuguesa-de-guitarras-y-mandolinas-presenta-su-espectaculo-con-el-gran-mandolinista-brasileno-hamilton-de-holanda\/","title":{"rendered":"La Orquesta Portuguesa de Guitarras y Mandolinas presenta su espect\u00e1culo con el gran mandolinista brasile\u00f1o Hamilton de Holanda"},"content":{"rendered":"<p>La Orquestra Portuguesa de Guitarras e Bandolins lanz\u00f3 el reto a Hamilton de Holanda para que el\u00a0 talentoso m\u00fasico brasile\u00f1o se les uniera en tres conciertos en el norte de Portugal.<\/p>\n<p>El artista, cuyas actuaciones en suelo portugu\u00e9s, fueron consideradas excepcionales por cr\u00edtica y p\u00fablico, acept\u00f3 el desaf\u00edo y realizar\u00e1 una breve gira por Portugal junto a la Orquestra Portuguesa de Guitarras e Bandolins.<\/p>\n<p>La programaci\u00f3n tiene como principal objetivo mostrar el inmenso valor del patrimonio musical brasile\u00f1o y portugu\u00e9s, a trav\u00e9s de un di\u00e1logo multicultural entre las dos orillas del Atl\u00e1ntico.<\/p>\n<p>El programa incluye una cuidada selecci\u00f3n de piezas emblem\u00e1ticas del repertorio cl\u00e1sico y folcl\u00f3rico de ambos pa\u00edses, interpretadas por Hamilton de Holanda y la Orquesta Portuguesa de Guitarras y Mandolinas.<\/p>\n<p>Hamilton de Holanda es uno de los nombres m\u00e1s destacados de la world music brasile\u00f1a y sudamericana, universalmente conocido, multipremiado y en este cap\u00edtulo poseedor de varios Grammy Latinos, galardones que le distinguen como mandolinista, compositor e improvisador.<\/p>\n<p>La OPGB &#8211; Orquesta Portuguesa de Guitarras y Mandolinas, que viene haci\u00e9ndose un espacio importante en el panorama europeo de este segmento.<\/p>\n<p>&nbsp;<\/p>\n<ul>\n<li>20 de julio, 18.00 horas: Casa da M\u00fasica, Oporto, Portugal<\/li>\n<li>21 de julio, 18.00 h: Teatro Ribeiro Concei\u00e7\u00e3o, Lamego, Portugal<\/li>\n<li>23 de julio, 21.30 h: Pra\u00e7a das Eiras, Macedo de Cavaleiros, Portugal<\/li>\n<\/ul>\n","protected":false},"excerpt":{"rendered":"<p>La Orquestra Portuguesa de Guitarras e Bandolins lanz\u00f3 el reto a Hamilton de Holanda para que el\u00a0 talentoso m\u00fasico brasile\u00f1o se les uniera en tres conciertos en el norte de Portugal. El artista, cuyas actuaciones en suelo portugu\u00e9s, fueron consideradas excepcionales por cr\u00edtica y p\u00fablico, acept\u00f3 el desaf\u00edo y realizar\u00e1 una breve gira por Portugal [&hellip;]<\/p>\n","protected":false},"author":7,"featured_media":19456,"comment_status":"closed","ping_status":"closed","sticky":false,"template":"","format":"standard","meta":{"_monsterinsights_skip_tracking":false,"_monsterinsights_sitenote_active":false,"_monsterinsights_sitenote_note":"","_monsterinsights_sitenote_category":0,"footnotes":""},"categories":[53],"tags":[],"class_list":["post-19455","post","type-post","status-publish","format-standard","has-post-thumbnail","hentry","category-noticias-generales"],"lang":"es","translations":{"es":19455,"pt":19458},"pll_sync_post":[],"post_mailing_queue_ids":[],"_links":{"self":[{"href":"https:\/\/www.ibermusicas.org\/index.php\/wp-json\/wp\/v2\/posts\/19455","targetHints":{"allow":["GET"]}}],"collection":[{"href":"https:\/\/www.ibermusicas.org\/index.php\/wp-json\/wp\/v2\/posts"}],"about":[{"href":"https:\/\/www.ibermusicas.org\/index.php\/wp-json\/wp\/v2\/types\/post"}],"author":[{"embeddable":true,"href":"https:\/\/www.ibermusicas.org\/index.php\/wp-json\/wp\/v2\/users\/7"}],"replies":[{"embeddable":true,"href":"https:\/\/www.ibermusicas.org\/index.php\/wp-json\/wp\/v2\/comments?post=19455"}],"version-history":[{"count":0,"href":"https:\/\/www.ibermusicas.org\/index.php\/wp-json\/wp\/v2\/posts\/19455\/revisions"}],"wp:featuredmedia":[{"embeddable":true,"href":"https:\/\/www.ibermusicas.org\/index.php\/wp-json\/wp\/v2\/media\/19456"}],"wp:attachment":[{"href":"https:\/\/www.ibermusicas.org\/index.php\/wp-json\/wp\/v2\/media?parent=19455"}],"wp:term":[{"taxonomy":"category","embeddable":true,"href":"https:\/\/www.ibermusicas.org\/index.php\/wp-json\/wp\/v2\/categories?post=19455"},{"taxonomy":"post_tag","embeddable":true,"href":"https:\/\/www.ibermusicas.org\/index.php\/wp-json\/wp\/v2\/tags?post=19455"}],"curies":[{"name":"wp","href":"https:\/\/api.w.org\/{rel}","templated":true}]}}