{"id":19460,"date":"2024-07-12T14:48:08","date_gmt":"2024-07-12T14:48:08","guid":{"rendered":"https:\/\/www.ibermusicas.org\/?p=19460"},"modified":"2024-08-01T19:02:12","modified_gmt":"2024-08-01T19:02:12","slug":"andrea-ernest-dias-quartet-celebra-la-musicalidad-afrobrasilena-en-el-espectaculo-uma-roda-para-moacir-santos","status":"publish","type":"post","link":"https:\/\/www.ibermusicas.org\/index.php\/andrea-ernest-dias-quartet-celebra-la-musicalidad-afrobrasilena-en-el-espectaculo-uma-roda-para-moacir-santos\/","title":{"rendered":"Andrea Ernest Dias Quartet celebra la musicalidad afrobrasile\u00f1a en el espect\u00e1culo \u00abUma Roda para Moacir Santos\u00bb"},"content":{"rendered":"<p>Uma Roda para Moacir Santos (Una ronda para Moacir Santos) fue concebido a partir de la investigaci\u00f3n de la bi\u00f3grafa y flautista de Moacir Santos, Andrea Ernest Dias, que recibi\u00f3 el manuscrito in\u00e9dito de la toada-afro \u00abRei dos Palmares\u00bb en un cuaderno que Moacir Santos desarroll\u00f3 para la banda sonora de la pel\u00edcula Ganga Zumba (1963), de Cac\u00e1 Diegues. La obra sirvi\u00f3 de inspiraci\u00f3n para el espect\u00e1culo y forma parte del repertorio, con un arreglo exclusivo del bajista Miguel Dias, con canciones que fundaron el estilo afro-jazz de Moacir Santos.<\/p>\n<p>&nbsp;<\/p>\n<p>Adem\u00e1s de \u00abRei dos Palmares\u00bb, tambi\u00e9n est\u00e1n las canciones \u00abCoisa n.5 &#8211; Nan\u00e3\u00bb, \u00abCoisa n.4\u00bb, \u00abCoisa n. 9\u00bb y \u00abM\u00e3e Iracema\u00bb. Estas canciones se incluyeron en su premiada discograf\u00eda, entre la que destacan los LP Coisas (Forma, 1965) y The Maestro (Blue Note, 1972) y el CD Ouro Negro (Universal, 2001).<\/p>\n<p>&nbsp;<\/p>\n<p>La flautista concibi\u00f3 el gui\u00f3n musical del espect\u00e1culo, convirtiendo a Moacir Santos en el anfitri\u00f3n de un gran c\u00edrculo musical en el que se escuchar\u00e1n melod\u00edas de orix\u00e1s, afox\u00e9, jongo, corima, samba-de-roda, choro, maracatu, samba, rap y funk. Con direcci\u00f3n esc\u00e9nica de \u00c9dio Nunes, iluminaci\u00f3n de Lucas Barbalho y proyecciones de Caco Chagas, el espect\u00e1culo mezcla im\u00e1genes y texturas en varios momentos para realzar a\u00fan m\u00e1s el sonido del repertorio. Adem\u00e1s de Andrea Ernest Dias, el Cuarteto est\u00e1 formado por Pedro Carneiro Silva (piano\/teclado), Miguel Dias (bajo y arreglos) y Felipe Larrosa Moura (bater\u00eda).<\/p>\n<p>&nbsp;<\/p>\n<p>Desde principios de los a\u00f1os 80, la flautista carioca Andrea Ernest Dias ha sido una presencia constante en los escenarios y en la discograf\u00eda de la MPB brasile\u00f1a, la m\u00fasica sinf\u00f3nica y la m\u00fasica de c\u00e1mara. En esta formaci\u00f3n, la flautista ha invitado a nuevos y talentosos nombres de la escena musical brasile\u00f1a.<\/p>\n<p>&nbsp;<\/p>\n<p>Andrea Ernest Dias es Doctora en M\u00fasica por la Universidad Federal de Bah\u00eda, donde defendi\u00f3 la tesis Mais &#8216;Coisas&#8217; sobre Moacir Santos, ou os Caminhos de um M\u00fasico Brasileiro y M\u00e1ster en Flauta por la UFRJ, con la disertaci\u00f3n A Express\u00e3o da Flauta Popular Brasileira &#8211; Uma Escola de Interpreta\u00e7\u00e3o y Licenciada en Flauta por la Universidad de Brasilia. Es autora del libro \u00abMoacir Santos, ou os Caminhos de um M\u00fasico Brasileiro\u00bb (Editora Folha Seca \/CEPE, 2014-2016), resultado de su tesis doctoral sobre el compositor.<\/p>\n<p>&nbsp;<\/p>\n<p>Moacir Santos lleg\u00f3 a R\u00edo de Janeiro en 1948, con 22 a\u00f1os, y pronto entr\u00f3 a trabajar en R\u00e1dio Nacional como saxofonista. A pesar de ser internacionalmente reconocido y venerado por compositores como Vin\u00edcius de Moraes, Moacir Santos sigue siendo poco conocido por el gran p\u00fablico. El proyecto pretende dar a conocer a este importante y a su musicalidad \u00fanica.<\/p>\n<p>&nbsp;<\/p>\n<ul>\n<li>21 de julio, 17h30, Concierto en el Museo Amadeo de Souza-Cardoso, Amarante\/Portugal<\/li>\n<li>20 de julio, 14h, Workshop en el Centro Cultural de Amarante &#8211; Amarante\/Portugal<\/li>\n<\/ul>\n","protected":false},"excerpt":{"rendered":"<p>Uma Roda para Moacir Santos (Una ronda para Moacir Santos) fue concebido a partir de la investigaci\u00f3n de la bi\u00f3grafa y flautista de Moacir Santos, Andrea Ernest Dias, que recibi\u00f3 el manuscrito in\u00e9dito de la toada-afro \u00abRei dos Palmares\u00bb en un cuaderno que Moacir Santos desarroll\u00f3 para la banda sonora de la pel\u00edcula Ganga Zumba [&hellip;]<\/p>\n","protected":false},"author":7,"featured_media":19461,"comment_status":"closed","ping_status":"closed","sticky":false,"template":"","format":"standard","meta":{"_monsterinsights_skip_tracking":false,"_monsterinsights_sitenote_active":false,"_monsterinsights_sitenote_note":"","_monsterinsights_sitenote_category":0,"footnotes":""},"categories":[53],"tags":[],"class_list":["post-19460","post","type-post","status-publish","format-standard","has-post-thumbnail","hentry","category-noticias-generales"],"lang":"es","translations":{"es":19460,"pt":19463},"pll_sync_post":[],"post_mailing_queue_ids":[],"_links":{"self":[{"href":"https:\/\/www.ibermusicas.org\/index.php\/wp-json\/wp\/v2\/posts\/19460","targetHints":{"allow":["GET"]}}],"collection":[{"href":"https:\/\/www.ibermusicas.org\/index.php\/wp-json\/wp\/v2\/posts"}],"about":[{"href":"https:\/\/www.ibermusicas.org\/index.php\/wp-json\/wp\/v2\/types\/post"}],"author":[{"embeddable":true,"href":"https:\/\/www.ibermusicas.org\/index.php\/wp-json\/wp\/v2\/users\/7"}],"replies":[{"embeddable":true,"href":"https:\/\/www.ibermusicas.org\/index.php\/wp-json\/wp\/v2\/comments?post=19460"}],"version-history":[{"count":0,"href":"https:\/\/www.ibermusicas.org\/index.php\/wp-json\/wp\/v2\/posts\/19460\/revisions"}],"wp:featuredmedia":[{"embeddable":true,"href":"https:\/\/www.ibermusicas.org\/index.php\/wp-json\/wp\/v2\/media\/19461"}],"wp:attachment":[{"href":"https:\/\/www.ibermusicas.org\/index.php\/wp-json\/wp\/v2\/media?parent=19460"}],"wp:term":[{"taxonomy":"category","embeddable":true,"href":"https:\/\/www.ibermusicas.org\/index.php\/wp-json\/wp\/v2\/categories?post=19460"},{"taxonomy":"post_tag","embeddable":true,"href":"https:\/\/www.ibermusicas.org\/index.php\/wp-json\/wp\/v2\/tags?post=19460"}],"curies":[{"name":"wp","href":"https:\/\/api.w.org\/{rel}","templated":true}]}}