{"id":19472,"date":"2024-07-12T16:40:45","date_gmt":"2024-07-12T16:40:45","guid":{"rendered":"https:\/\/www.ibermusicas.org\/?p=19472"},"modified":"2024-07-12T16:40:45","modified_gmt":"2024-07-12T16:40:45","slug":"desde-curitiba-brasil-kluber-lleva-su-propuesta-a-buenos-aires-argentina","status":"publish","type":"post","link":"https:\/\/www.ibermusicas.org\/index.php\/desde-curitiba-brasil-kluber-lleva-su-propuesta-a-buenos-aires-argentina\/","title":{"rendered":"Desde Curitiba, Brasil, Kl\u00fcber lleva su propuesta a Buenos Aires, Argentina"},"content":{"rendered":"<p>Kl\u00fcber es una cantautora y pianista trans no binaria de Curitiba. A pesar de su formaci\u00f3n en m\u00fasica de concierto y su larga experiencia en piano cl\u00e1sico, sus canciones tambi\u00e9n incluyen referencias al rock alternativo, la escena grunge de los 90, el sertanejo, la m\u00fasica brasile\u00f1a y el pop.<\/p>\n<p>&nbsp;<\/p>\n<p>Ha publicado dos EP y, a trav\u00e9s de crowdfunding, entre otros, lanz\u00f3 el single Ningu\u00e9m Precisa en 2022, seguido de su primer \u00e1lbum, Pra Duvidar. Ha colaborado con artistas de la escena underground, como Mulamba, Siamese, \u00c9rica Silva, Roseane Santos y Leo Fressato, entre otros. Ha actuado en festivales de todo Brasil, como Se Rasgum (PA), Festival Marte (MG), TUM Festival (SC) y Morrod\u00e1lia (RS).<\/p>\n<p>&nbsp;<\/p>\n<p>Con\u00a0 actuaciones en formato tr\u00edo (piano y voz, bater\u00eda y violonchelo)<\/p>\n<p>&nbsp;<\/p>\n<p>Kl\u00fcber presentar\u00e1\u00a0 en Argentina su \u00faltimo \u00e1lbum \u201cPra Duvidar\u201d<\/p>\n<p>&nbsp;<\/p>\n<ul>\n<li>26 de julio, 21.00 h: Casa Brandon, Luis Mar\u00eda Drago 236, Villa Crespo, Ciudad de Buenos Aires, Argentina<\/li>\n<li>27 de julio, 22.00 h: El Barrio Cultural, Dr. A. Melo 4565, Remedios de Escalada de San Mart\u00edn, Lan\u00fas, Provincia de Buenos Aires, Argentina.<\/li>\n<\/ul>\n","protected":false},"excerpt":{"rendered":"<p>Kl\u00fcber es una cantautora y pianista trans no binaria de Curitiba. A pesar de su formaci\u00f3n en m\u00fasica de concierto y su larga experiencia en piano cl\u00e1sico, sus canciones tambi\u00e9n incluyen referencias al rock alternativo, la escena grunge de los 90, el sertanejo, la m\u00fasica brasile\u00f1a y el pop. &nbsp; Ha publicado dos EP y, [&hellip;]<\/p>\n","protected":false},"author":7,"featured_media":19473,"comment_status":"closed","ping_status":"closed","sticky":false,"template":"","format":"standard","meta":{"_monsterinsights_skip_tracking":false,"_monsterinsights_sitenote_active":false,"_monsterinsights_sitenote_note":"","_monsterinsights_sitenote_category":0,"footnotes":""},"categories":[53],"tags":[],"class_list":["post-19472","post","type-post","status-publish","format-standard","has-post-thumbnail","hentry","category-noticias-generales"],"lang":"es","translations":{"es":19472,"pt":19475},"pll_sync_post":[],"post_mailing_queue_ids":[],"_links":{"self":[{"href":"https:\/\/www.ibermusicas.org\/index.php\/wp-json\/wp\/v2\/posts\/19472","targetHints":{"allow":["GET"]}}],"collection":[{"href":"https:\/\/www.ibermusicas.org\/index.php\/wp-json\/wp\/v2\/posts"}],"about":[{"href":"https:\/\/www.ibermusicas.org\/index.php\/wp-json\/wp\/v2\/types\/post"}],"author":[{"embeddable":true,"href":"https:\/\/www.ibermusicas.org\/index.php\/wp-json\/wp\/v2\/users\/7"}],"replies":[{"embeddable":true,"href":"https:\/\/www.ibermusicas.org\/index.php\/wp-json\/wp\/v2\/comments?post=19472"}],"version-history":[{"count":0,"href":"https:\/\/www.ibermusicas.org\/index.php\/wp-json\/wp\/v2\/posts\/19472\/revisions"}],"wp:featuredmedia":[{"embeddable":true,"href":"https:\/\/www.ibermusicas.org\/index.php\/wp-json\/wp\/v2\/media\/19473"}],"wp:attachment":[{"href":"https:\/\/www.ibermusicas.org\/index.php\/wp-json\/wp\/v2\/media?parent=19472"}],"wp:term":[{"taxonomy":"category","embeddable":true,"href":"https:\/\/www.ibermusicas.org\/index.php\/wp-json\/wp\/v2\/categories?post=19472"},{"taxonomy":"post_tag","embeddable":true,"href":"https:\/\/www.ibermusicas.org\/index.php\/wp-json\/wp\/v2\/tags?post=19472"}],"curies":[{"name":"wp","href":"https:\/\/api.w.org\/{rel}","templated":true}]}}