{"id":19533,"date":"2024-07-24T20:06:39","date_gmt":"2024-07-24T20:06:39","guid":{"rendered":"https:\/\/www.ibermusicas.org\/?p=19533"},"modified":"2024-08-01T19:30:25","modified_gmt":"2024-08-01T19:30:25","slug":"pies-en-la-tierra","status":"publish","type":"post","link":"https:\/\/www.ibermusicas.org\/index.php\/pies-en-la-tierra\/","title":{"rendered":"Pies en la Tierra"},"content":{"rendered":"<p><strong>Linea de acci\u00f3n<\/strong>: Ayudas en modalidad virtual<\/p>\n<p><strong>A\u00f1o de Adjudicaci\u00f3n<\/strong>: 2020<\/p>\n<p><strong>Pa\u00eds<\/strong>: Ecuador<\/p>\n<p><strong>Sinopsis del proyecto:<br \/>\n<\/strong>Pies en la Tierra, es una agrupaci\u00f3n con 17 a\u00f1os de trayectoria<br \/>\nDebido a la pandemia no se pudo realizar el viaje previsto por lo que de acuerdo a lo conversado nos acogimos a la modalidad virtual. Se grabaron 4 temas los cuales est\u00e1n en youtube.<\/p>\n<p>&nbsp;<\/p>\n<p style=\"text-align: center;\">Pies en la Tierra Waltz for W S Raimon Rovira<\/p>\n<p style=\"text-align: center;\"><iframe loading=\"lazy\" title=\"YouTube video player\" src=\"https:\/\/www.youtube.com\/embed\/HUOYumGlCSg?si=xu_aEgSH77z_bpbg\" width=\"560\" height=\"315\" frameborder=\"0\" allowfullscreen=\"allowfullscreen\"><\/iframe><\/p>\n<p style=\"text-align: center;\">Pies en la Tierra San Juan alterado Cayo Iturralde<\/p>\n<p style=\"text-align: center;\"><iframe loading=\"lazy\" title=\"YouTube video player\" src=\"https:\/\/www.youtube.com\/embed\/ehyFJAOuIG4?si=mDsEpbXs3Ho8myH3\" width=\"560\" height=\"315\" frameborder=\"0\" allowfullscreen=\"allowfullscreen\"><\/iframe><\/p>\n<p style=\"text-align: center;\">Pies en la tierra CENTEPIDE Raimon Rovira<\/p>\n<p style=\"text-align: center;\"><iframe loading=\"lazy\" title=\"YouTube video player\" src=\"https:\/\/www.youtube.com\/embed\/ersDYo1Hbfk?si=K90MOeAQRUdduRIb\" width=\"560\" height=\"315\" frameborder=\"0\" allowfullscreen=\"allowfullscreen\"><\/iframe><\/p>\n<p style=\"text-align: center;\">Pies en la tierra Bu\u00f1uelo Cayo Iturralde<\/p>\n<p style=\"text-align: center;\"><iframe loading=\"lazy\" title=\"YouTube video player\" src=\"https:\/\/www.youtube.com\/embed\/6FUn9id_GuA?si=n_nz0KEksJd6DwQe\" width=\"560\" height=\"315\" frameborder=\"0\" allowfullscreen=\"allowfullscreen\"><\/iframe><\/p>\n","protected":false},"excerpt":{"rendered":"<p>Linea de acci\u00f3n: Ayudas en modalidad virtual A\u00f1o de Adjudicaci\u00f3n: 2020 Pa\u00eds: Ecuador Sinopsis del proyecto: Pies en la Tierra, es una agrupaci\u00f3n con 17 a\u00f1os de trayectoria Debido a la pandemia no se pudo realizar el viaje previsto por lo que de acuerdo a lo conversado nos acogimos a la modalidad virtual. Se grabaron [&hellip;]<\/p>\n","protected":false},"author":7,"featured_media":19580,"comment_status":"closed","ping_status":"closed","sticky":false,"template":"","format":"standard","meta":{"_monsterinsights_skip_tracking":false,"_monsterinsights_sitenote_active":false,"_monsterinsights_sitenote_note":"","_monsterinsights_sitenote_category":0,"footnotes":""},"categories":[335],"tags":[254,91,569,102],"class_list":["post-19533","post","type-post","status-publish","format-standard","has-post-thumbnail","hentry","category-banco-contenidos","tag-254","tag-ayudas-a-la-movilidad-de-musicas-y-musicos","tag-ayudas-en-modalidad-virtual","tag-ecuador"],"lang":"es","translations":{"es":19533},"pll_sync_post":[],"post_mailing_queue_ids":[],"_links":{"self":[{"href":"https:\/\/www.ibermusicas.org\/index.php\/wp-json\/wp\/v2\/posts\/19533","targetHints":{"allow":["GET"]}}],"collection":[{"href":"https:\/\/www.ibermusicas.org\/index.php\/wp-json\/wp\/v2\/posts"}],"about":[{"href":"https:\/\/www.ibermusicas.org\/index.php\/wp-json\/wp\/v2\/types\/post"}],"author":[{"embeddable":true,"href":"https:\/\/www.ibermusicas.org\/index.php\/wp-json\/wp\/v2\/users\/7"}],"replies":[{"embeddable":true,"href":"https:\/\/www.ibermusicas.org\/index.php\/wp-json\/wp\/v2\/comments?post=19533"}],"version-history":[{"count":0,"href":"https:\/\/www.ibermusicas.org\/index.php\/wp-json\/wp\/v2\/posts\/19533\/revisions"}],"wp:featuredmedia":[{"embeddable":true,"href":"https:\/\/www.ibermusicas.org\/index.php\/wp-json\/wp\/v2\/media\/19580"}],"wp:attachment":[{"href":"https:\/\/www.ibermusicas.org\/index.php\/wp-json\/wp\/v2\/media?parent=19533"}],"wp:term":[{"taxonomy":"category","embeddable":true,"href":"https:\/\/www.ibermusicas.org\/index.php\/wp-json\/wp\/v2\/categories?post=19533"},{"taxonomy":"post_tag","embeddable":true,"href":"https:\/\/www.ibermusicas.org\/index.php\/wp-json\/wp\/v2\/tags?post=19533"}],"curies":[{"name":"wp","href":"https:\/\/api.w.org\/{rel}","templated":true}]}}