{"id":20133,"date":"2024-09-12T19:25:14","date_gmt":"2024-09-12T19:25:14","guid":{"rendered":"https:\/\/www.ibermusicas.org\/?p=20133"},"modified":"2024-09-30T14:00:20","modified_gmt":"2024-09-30T14:00:20","slug":"ya-se-puede-ver-y-escuchar-el-primer-video-del-ciclo-de-canciones-de-silvio-rodriguez-con-arreglos-corales-realizados-por-ecuador-ferraudi","status":"publish","type":"post","link":"https:\/\/www.ibermusicas.org\/index.php\/ya-se-puede-ver-y-escuchar-el-primer-video-del-ciclo-de-canciones-de-silvio-rodriguez-con-arreglos-corales-realizados-por-ecuador-ferraudi\/","title":{"rendered":"Ya se puede ver y escuchar el primer video del Ciclo de Canciones de Silvio Rodr\u00edguez con arreglos corales realizados por Eduardo Ferraudi"},"content":{"rendered":"<p>En mayo de 2022 el arreglador, compositor, cantante y director de coro argentino Eduardo Ferraudi viaj\u00f3 desde Buenos Aires, Argentina hasta La Habana, Cuba para presentar su trabajo como director invitado del Coro Nacional de Cuba (CNC), que dirige la maestra Digna Guerra. La presentaci\u00f3n se realiz\u00f3 en la Iglesia San Francisco de Paula de La Habana Vieja con un programa compuesto por 13 canciones del trovador Silvio Rodr\u00edguez, con arreglos corales creados por el propio Maestro Ferraudi y con la participaci\u00f3n de la cantante Ivette Cepeda, como solista invitada. El compositor homenajeado estuvo presente en el concierto como parte del p\u00fablico.<\/p>\n<p>&nbsp;<\/p>\n<p>La idea de crear un ciclo de canciones sobre las obras de Silvio Rodr\u00edguez especialmente para el Coro Nacional de Cuba naci\u00f3 de un encuentro entre Eduardo Ferraudi y la maestra Digna Guerra en la Ciudad de Buenos Aires. Ferraudi fue invitado a dirigir un concierto de agasajo a Digna Guerra en ocasi\u00f3n de un gran encuentro coral propiciado por el Programa de Orquestas y Coros Infantiles y Juveniles para el Bicentenario llevado a cabo en Argentina. Ella encontr\u00f3 en el trabajo de Eduardo Ferraudi una manera notable y particular de abordar los arreglos corales y la interpretaci\u00f3n de obras de origen popular y tuvo la idea de proponerle a Ferraudi la creaci\u00f3n de nuevos arreglos corales sobre canciones de Silvio Rodr\u00edguez.<\/p>\n<p>&nbsp;<\/p>\n<p>Tras el intenso trabajo de creaci\u00f3n de los arreglos, Eduardo Ferraudi viaj\u00f3 a Cuba para ensayar con el Coro Nacional y realizar el estreno de las obras. En todas las instancias de este proyecto siempre estuvo presente Silvio Rodr\u00edguez quien en todo momento fue consultado y quien tambi\u00e9n se sinti\u00f3 altamente honrado por esta iniciativa de realizar un abordaje diferente sobre su obra. La presencia como solista de Ivette Cepeda en \u201cLa Gaviota\u201d, canci\u00f3n inspirada en el regreso del trovador tras su participaci\u00f3n en la guerra de Angola, fue un pedido especial del propio compositor.<\/p>\n<p>&nbsp;<\/p>\n<p>Eduardo Ferraudi es director y arreglador de la agrupaci\u00f3n coral de c\u00e1mara Vocal Consonante, el Coro del ECuNHi (Espacio Cultural Nuestros Hijos, Asociaci\u00f3n Madres de Plaza de Mayo). Creador adem\u00e1s del quinteto Albahaca y Sexteto Vocal Argot entre otras agrupaciones vocales. Es un referente de la m\u00fasica popular en formato vocal, sus arreglos son interpretados y registrados por numerosas agrupaciones corales en todo el mundo. Es autor del libro \u201cArreglos Corales en la M\u00fasica Popular- Elementos necesarios para su creaci\u00f3n\u201d, uno de los primeros textos dedicado a la escritura de arreglos corales, auspiciado por la Secretar\u00eda de Cultura de la Ciudad Aut\u00f3noma de Buenos Aires. Particip\u00f3 como expositor del documental \u201cLa del Chango\u201d (2014), de Milton Rodr\u00edguez, en donde narr\u00f3 en dicho registro f\u00edlmico la notable influencia del Chango Far\u00edas G\u00f3mez en la m\u00fasica vocal argentina. Particip\u00f3 en dos oportunidades como Director Invitado del Coro Nacional de J\u00f3venes, la \u00faltima de ellas en 2019, en un espect\u00e1culo de su autor\u00eda llamado \u201cPostales al sur del R\u00edo Bravo: Espejos\u201d, junto al Mtro. Bernardo Latini, sobre canciones populares latinoamericanas y arreglos propios de ambos directores.<\/p>\n<p>&nbsp;<\/p>\n<p>Actualmente tiene a su cargo las agrupaciones Vocal Consonante, Coro del ECuNHi y Grupo de Canto de la Orquesta Del Tambo, es Profesor Titular de la C\u00e1tedra Instrumento Arm\u00f3nico Guitarra del IMMA (Instituto de M\u00fasica de la Municipalidad de Avellaneda), dicta cursos de elaboraci\u00f3n e interpretaci\u00f3n de arreglos en todo el pa\u00eds, y participa habitualmente en calidad de jurado o consultor en concursos y foros nacionales de Arreglos Vocales y concursos corales de m\u00fasica popular.<\/p>\n<p>&nbsp;<\/p>\n<p>Este trabajo fue realizado con el apoyo de: Ministerio de Cultura de Cuba, Programa Iberm\u00fasicas, Instituto Cubano de la M\u00fasica, Centro Nacional de M\u00fasica de Concierto, Oficina del Historiador y el propio Silvio Rodr\u00edguez quien facilit\u00f3 el equipamiento necesario para la filmaci\u00f3n.<\/p>\n<p>&nbsp;<\/p>\n<p>&nbsp;<\/p>\n<ul>\n<li>Ver video en: https:\/\/youtu.be\/C2PTuUrGQVI<\/li>\n<\/ul>\n","protected":false},"excerpt":{"rendered":"<p>En mayo de 2022 el arreglador, compositor, cantante y director de coro argentino Eduardo Ferraudi viaj\u00f3 desde Buenos Aires, Argentina hasta La Habana, Cuba para presentar su trabajo como director invitado del Coro Nacional de Cuba (CNC), que dirige la maestra Digna Guerra. La presentaci\u00f3n se realiz\u00f3 en la Iglesia San Francisco de Paula de [&hellip;]<\/p>\n","protected":false},"author":7,"featured_media":20134,"comment_status":"closed","ping_status":"closed","sticky":false,"template":"","format":"standard","meta":{"_monsterinsights_skip_tracking":false,"_monsterinsights_sitenote_active":false,"_monsterinsights_sitenote_note":"","_monsterinsights_sitenote_category":0,"footnotes":""},"categories":[53],"tags":[],"class_list":["post-20133","post","type-post","status-publish","format-standard","has-post-thumbnail","hentry","category-noticias-generales"],"lang":"es","translations":{"es":20133,"pt":20136},"pll_sync_post":[],"post_mailing_queue_ids":[],"_links":{"self":[{"href":"https:\/\/www.ibermusicas.org\/index.php\/wp-json\/wp\/v2\/posts\/20133","targetHints":{"allow":["GET"]}}],"collection":[{"href":"https:\/\/www.ibermusicas.org\/index.php\/wp-json\/wp\/v2\/posts"}],"about":[{"href":"https:\/\/www.ibermusicas.org\/index.php\/wp-json\/wp\/v2\/types\/post"}],"author":[{"embeddable":true,"href":"https:\/\/www.ibermusicas.org\/index.php\/wp-json\/wp\/v2\/users\/7"}],"replies":[{"embeddable":true,"href":"https:\/\/www.ibermusicas.org\/index.php\/wp-json\/wp\/v2\/comments?post=20133"}],"version-history":[{"count":0,"href":"https:\/\/www.ibermusicas.org\/index.php\/wp-json\/wp\/v2\/posts\/20133\/revisions"}],"wp:featuredmedia":[{"embeddable":true,"href":"https:\/\/www.ibermusicas.org\/index.php\/wp-json\/wp\/v2\/media\/20134"}],"wp:attachment":[{"href":"https:\/\/www.ibermusicas.org\/index.php\/wp-json\/wp\/v2\/media?parent=20133"}],"wp:term":[{"taxonomy":"category","embeddable":true,"href":"https:\/\/www.ibermusicas.org\/index.php\/wp-json\/wp\/v2\/categories?post=20133"},{"taxonomy":"post_tag","embeddable":true,"href":"https:\/\/www.ibermusicas.org\/index.php\/wp-json\/wp\/v2\/tags?post=20133"}],"curies":[{"name":"wp","href":"https:\/\/api.w.org\/{rel}","templated":true}]}}