{"id":20255,"date":"2024-10-04T16:45:43","date_gmt":"2024-10-04T16:45:43","guid":{"rendered":"https:\/\/www.ibermusicas.org\/?p=20255"},"modified":"2024-12-04T14:48:08","modified_gmt":"2024-12-04T14:48:08","slug":"con-gran-exito-cerraron-13-de-las-14-convocatorias-de-ibermusicas-2","status":"publish","type":"post","link":"https:\/\/www.ibermusicas.org\/index.php\/con-gran-exito-cerraron-13-de-las-14-convocatorias-de-ibermusicas-2\/","title":{"rendered":"Con gran \u00e9xito cerraron 13 de las 14 convocatorias de Iberm\u00fasicas"},"content":{"rendered":"<p>Habiendo recibido un total de 1642 postulaciones, cerr\u00f3 el ciclo de convocatorias 2024 del Programa Iberm\u00fasicas.<\/p>\n<p>&nbsp;<\/p>\n<p>Ya ha comenzado el proceso de evaluaci\u00f3n y selecci\u00f3n por parte de nuestros jurados. El d\u00eda 29 de noviembre ser\u00e1n anunciados los proyectos ganadores en nuestra web.<\/p>\n<p>&nbsp;<\/p>\n<p>El gran n\u00famero de postulaciones recibidas da testimonio de la enorme y diversa actividad del sector musical y del inter\u00e9s que generan las herramientas propuestas por el Programa Iberm\u00fasicas.<\/p>\n<p>&nbsp;<\/p>\n<p>Se han recibido propuestas presentadas desde todos los 15 pa\u00edses que integran el Programa Iberm\u00fasicas y desde los 7 pa\u00edses de \u00c1frica y de Asia que son parte de la Comunidad de Pa\u00edses de Lengua Portuguesa (CPLP).<\/p>\n<p>&nbsp;<\/p>\n<p>En este nuevo ciclo de convocatorias y concursos, Iberm\u00fasicas ha vuelto a poner a disposici\u00f3n del sector diferentes herramientas creadas para promover y fortalecer a nuestra comunidad musical recibiendo 1642 candidaturas e involucrando a<strong> 22 <\/strong>pa\u00edses de <strong>4<\/strong> continentes.<\/p>\n<p>&nbsp;<\/p>\n<p>La posibilidad de presentar propuestas para el premio \u201cColombia en el mundo\u201d, permanecer\u00e1 vigente hasta el lunes 1ero de noviembre.<\/p>\n","protected":false},"excerpt":{"rendered":"<p>Habiendo recibido un total de 1642 postulaciones, cerr\u00f3 el ciclo de convocatorias 2024 del Programa Iberm\u00fasicas. &nbsp; Ya ha comenzado el proceso de evaluaci\u00f3n y selecci\u00f3n por parte de nuestros jurados. El d\u00eda 29 de noviembre ser\u00e1n anunciados los proyectos ganadores en nuestra web. &nbsp; El gran n\u00famero de postulaciones recibidas da testimonio de la [&hellip;]<\/p>\n","protected":false},"author":7,"featured_media":20340,"comment_status":"closed","ping_status":"closed","sticky":false,"template":"","format":"standard","meta":{"_monsterinsights_skip_tracking":false,"_monsterinsights_sitenote_active":false,"_monsterinsights_sitenote_note":"","_monsterinsights_sitenote_category":0,"footnotes":""},"categories":[53],"tags":[],"class_list":["post-20255","post","type-post","status-publish","format-standard","has-post-thumbnail","hentry","category-noticias-generales"],"lang":"es","translations":{"es":20255,"pt":20257},"pll_sync_post":[],"post_mailing_queue_ids":[],"_links":{"self":[{"href":"https:\/\/www.ibermusicas.org\/index.php\/wp-json\/wp\/v2\/posts\/20255","targetHints":{"allow":["GET"]}}],"collection":[{"href":"https:\/\/www.ibermusicas.org\/index.php\/wp-json\/wp\/v2\/posts"}],"about":[{"href":"https:\/\/www.ibermusicas.org\/index.php\/wp-json\/wp\/v2\/types\/post"}],"author":[{"embeddable":true,"href":"https:\/\/www.ibermusicas.org\/index.php\/wp-json\/wp\/v2\/users\/7"}],"replies":[{"embeddable":true,"href":"https:\/\/www.ibermusicas.org\/index.php\/wp-json\/wp\/v2\/comments?post=20255"}],"version-history":[{"count":0,"href":"https:\/\/www.ibermusicas.org\/index.php\/wp-json\/wp\/v2\/posts\/20255\/revisions"}],"wp:featuredmedia":[{"embeddable":true,"href":"https:\/\/www.ibermusicas.org\/index.php\/wp-json\/wp\/v2\/media\/20340"}],"wp:attachment":[{"href":"https:\/\/www.ibermusicas.org\/index.php\/wp-json\/wp\/v2\/media?parent=20255"}],"wp:term":[{"taxonomy":"category","embeddable":true,"href":"https:\/\/www.ibermusicas.org\/index.php\/wp-json\/wp\/v2\/categories?post=20255"},{"taxonomy":"post_tag","embeddable":true,"href":"https:\/\/www.ibermusicas.org\/index.php\/wp-json\/wp\/v2\/tags?post=20255"}],"curies":[{"name":"wp","href":"https:\/\/api.w.org\/{rel}","templated":true}]}}