{"id":20293,"date":"2024-09-30T20:22:02","date_gmt":"2024-09-30T20:22:02","guid":{"rendered":"https:\/\/www.ibermusicas.org\/?p=20293"},"modified":"2024-12-04T14:47:15","modified_gmt":"2024-12-04T14:47:15","slug":"jacobo-velez-y-la-mambanegra-recorreran-mexico-para-promocionar-lo-mas-reciente-de-su-ultimo-disco-radio-mamba-internacional-rumbo-al-lanzamiento-oficial","status":"publish","type":"post","link":"https:\/\/www.ibermusicas.org\/index.php\/jacobo-velez-y-la-mambanegra-recorreran-mexico-para-promocionar-lo-mas-reciente-de-su-ultimo-disco-radio-mamba-internacional-rumbo-al-lanzamiento-oficial\/","title":{"rendered":"Jacobo V\u00e9lez y la Mambanegra recorrer\u00e1n M\u00e9xico para promocionar lo m\u00e1s reciente de su \u00faltimo disco Radio Mamba Internacional rumbo al lanzamiento oficial"},"content":{"rendered":"<p>Jacobo V\u00e9lez y La Mambanegra es una poderosa orquesta de m\u00fasica latina. Su veneno tiene como sustancia la salsa neoyorkina de los a\u00f1os 70s y a su vez integra elementos de la m\u00fasica jamaiquina, el funk y el hip-hop.<\/p>\n<p>&nbsp;<\/p>\n<p>Creada y dirigida por el compositor, productor, saxofonista y cantante Jacobo V\u00e9lez \u2018El Calleg\u00fceso\u2019 en 2012, La Mambanegra ha sido destacada por prestigiosos medios de la industria musical como la revista Billboard (EE.UU), The Guardian (Reino Unido), Les Inrockuptibles (Francia), o la revista Songlines (Reino Unido). Su show ha sido aplaudido en los grandes festivales europeos como el Roskilde Festival (Dinamarca), WOMAD (Reino Unido, creado por Peter Gabriel), el Pohoda Festival (Eslovaquia), el Lugano Jazz Festival (Suiza) o el Tempo Latino (Francia), Festival Internacional Cervantino (M\u00e9xico), Festival Internacional de Nueva Orleans (Estados Unidos).<\/p>\n<p>&nbsp;<\/p>\n<p>En las filas de La Mambanegra se encuentra una interesante gama de portentosos m\u00fasicos que van desde jazzistas influyentes de las ciudades de Cali y Bogot\u00e1 junto con j\u00f3venes salseros ya legendarios hasta folcloristas e investigadores de la cultura popular colombiana<\/p>\n<p>&nbsp;<\/p>\n<p>Desde 2020, Jacobo V\u00e9lez y La Mambanegra, en alianza con su sello discogr\u00e1fico Tambora Records han trabajado en la producci\u00f3n de su \u00faltimo material de estudio llamado Radio Mamba Internacional con el lanzamiento de varios sencillos y colaboraciones musicales nacionales e internacionales, as\u00ed tambi\u00e9n han realizado visitas por territorio mexicano para promocionar y posicionar su sabor \u00fanico para convertir a M\u00e9xico en la segunda casa de la poderosa orquesta de break salsa Jacobo V\u00e9lez y La Mambanegra en colaboraci\u00f3n con El Colibr\u00ed Agencia Cultural.<\/p>\n<p>&nbsp;<\/p>\n<p>Este 2024, ser\u00e1 la recta final de la promoci\u00f3n del nuevo disco que ver\u00e1 la luz en 2025, por ello, la visita a M\u00e9xico ser\u00e1 clave para compartir los \u00faltimos detalles para el lanzamiento oficial del disco Radio Mamba Internacional al p\u00fablico mexicano y al mismo tiempo fortalecer al p\u00fablico colombiano en una estrategia paralela de difusi\u00f3n. Gracias al apoyo de circulaci\u00f3n internacional de Iberm\u00fasicas, Jacobo V\u00e9lez y la Mambanegra est\u00e1 construyendo una ruta que permite seguir creando un puente de colaboraciones musicales y presentaciones que fomenten y aumenten nuevos escuchas y fans de su m\u00fasica.<\/p>\n<p>&nbsp;<\/p>\n<p>&nbsp;<\/p>\n<ul>\n<li>5 de octubre: Festival Afrocaribe\u00f1o, Jamapa, Veracruz, M\u00e9xico<\/li>\n<li>6 de octubre: Festival Afrocaribe\u00f1o, Puerto de Veracruz, M\u00e9xico<\/li>\n<li>9 de octubre: Tintico Pura Gozadera, Ciudad de M\u00e9xico.<\/li>\n<li>10 de octubre: Foro Tonal, Ciudad de M\u00e9xico.<\/li>\n<li>11 de octubre: Festival Revueltas, Durango, M\u00e9xico<\/li>\n<\/ul>\n<p>13 de octubre: Jazzatl\u00e1n Capital, Ciudad de M\u00e9xico<\/p>\n","protected":false},"excerpt":{"rendered":"<p>Jacobo V\u00e9lez y La Mambanegra es una poderosa orquesta de m\u00fasica latina. Su veneno tiene como sustancia la salsa neoyorkina de los a\u00f1os 70s y a su vez integra elementos de la m\u00fasica jamaiquina, el funk y el hip-hop. &nbsp; Creada y dirigida por el compositor, productor, saxofonista y cantante Jacobo V\u00e9lez \u2018El Calleg\u00fceso\u2019 en [&hellip;]<\/p>\n","protected":false},"author":7,"featured_media":20294,"comment_status":"closed","ping_status":"closed","sticky":false,"template":"","format":"standard","meta":{"_monsterinsights_skip_tracking":false,"_monsterinsights_sitenote_active":false,"_monsterinsights_sitenote_note":"","_monsterinsights_sitenote_category":0,"footnotes":""},"categories":[53],"tags":[],"class_list":["post-20293","post","type-post","status-publish","format-standard","has-post-thumbnail","hentry","category-noticias-generales"],"lang":"es","translations":{"es":20293,"pt":20296},"pll_sync_post":[],"post_mailing_queue_ids":[],"_links":{"self":[{"href":"https:\/\/www.ibermusicas.org\/index.php\/wp-json\/wp\/v2\/posts\/20293","targetHints":{"allow":["GET"]}}],"collection":[{"href":"https:\/\/www.ibermusicas.org\/index.php\/wp-json\/wp\/v2\/posts"}],"about":[{"href":"https:\/\/www.ibermusicas.org\/index.php\/wp-json\/wp\/v2\/types\/post"}],"author":[{"embeddable":true,"href":"https:\/\/www.ibermusicas.org\/index.php\/wp-json\/wp\/v2\/users\/7"}],"replies":[{"embeddable":true,"href":"https:\/\/www.ibermusicas.org\/index.php\/wp-json\/wp\/v2\/comments?post=20293"}],"version-history":[{"count":0,"href":"https:\/\/www.ibermusicas.org\/index.php\/wp-json\/wp\/v2\/posts\/20293\/revisions"}],"wp:featuredmedia":[{"embeddable":true,"href":"https:\/\/www.ibermusicas.org\/index.php\/wp-json\/wp\/v2\/media\/20294"}],"wp:attachment":[{"href":"https:\/\/www.ibermusicas.org\/index.php\/wp-json\/wp\/v2\/media?parent=20293"}],"wp:term":[{"taxonomy":"category","embeddable":true,"href":"https:\/\/www.ibermusicas.org\/index.php\/wp-json\/wp\/v2\/categories?post=20293"},{"taxonomy":"post_tag","embeddable":true,"href":"https:\/\/www.ibermusicas.org\/index.php\/wp-json\/wp\/v2\/tags?post=20293"}],"curies":[{"name":"wp","href":"https:\/\/api.w.org\/{rel}","templated":true}]}}