{"id":21494,"date":"2025-01-29T18:57:49","date_gmt":"2025-01-29T18:57:49","guid":{"rendered":"https:\/\/www.ibermusicas.org\/?p=21494"},"modified":"2025-01-29T18:57:49","modified_gmt":"2025-01-29T18:57:49","slug":"comeca-a-residencia-do-compositor-igor-maia-com-o-quasars-ensemble-da-eslovaquia","status":"publish","type":"post","link":"https:\/\/www.ibermusicas.org\/index.php\/comeca-a-residencia-do-compositor-igor-maia-com-o-quasars-ensemble-da-eslovaquia\/","title":{"rendered":"Come\u00e7a a resid\u00eancia do compositor Igor Maia com o Quasars Ensemble da Eslov\u00e1quia"},"content":{"rendered":"<p>O projeto consiste em uma resid\u00eancia art\u00edstica de tr\u00eas semanas junto ao Quasars Ensemble. Durante este per\u00edodo, Igor Maia\u00a0 compor\u00e1 uma nova obra, intitulada \u201cTempo, Terra, Trama\u201d para um ensemble de oito m\u00fasicos. O foco da nova obra ser\u00e1 o conceito de tempo, explorando abordagens amer\u00edndias, refletindo sobre a relatividade e a passagem do tempo. A obra ser\u00e1 estreada em um concerto no Pequeno Est\u00fadio de Concertos da R\u00e1dio da Eslov\u00e1quia. Al\u00e9m disso, o compositor dar\u00e1 uma palestra e um workshop na Academy of Performing Arts in Bratislava.<\/p>\n<p>&nbsp;<\/p>\n<p>Igor Maia: compositor e regente nascido em Campinas (1988), \u00e9 professor adjunto de composi\u00e7\u00e3o na UFMG desde 2019. Doutor em composi\u00e7\u00e3o pelo King\u2019s College London (Inglaterra). Premiado em diversos concursos, suas obras foram apresentadas em festivais e concertos na Europa, nas Am\u00e9ricas e no Jap\u00e3o.<\/p>\n<p>&nbsp;<\/p>\n<p>Quasars Ensemble: fundado em 2008, \u00e9 um grupo eslovaco reconhecido por sua programa\u00e7\u00e3o inovadora, que combina m\u00fasica cl\u00e1ssica contempor\u00e2nea com obras raras de \u00e9pocas passadas. Conhecido por valorizar compositores eslovacos e colaborar com compositores renomados, o ensemble j\u00e1 se apresentou em diversos festivais como o Warsaw Autumn e o Ostrava Days, al\u00e9m de espa\u00e7os ic\u00f4nicos como o Flagey, em Bruxelas e o Gasteig em Munique.<\/p>\n<p>&nbsp;<\/p>\n<ul>\n<li>17 de fevereiro a 9 de mar\u00e7o: resid\u00eancia com o Quasars Ensemble, Bratislava, Eslov\u00e1quia<\/li>\n<li>5 de mar\u00e7o: concerto com o Quasars Ensemble na Sala de Concertos da R\u00e1dio da Eslov\u00e1quia, Bratislava, Eslov\u00e1quia<\/li>\n<\/ul>\n","protected":false},"excerpt":{"rendered":"<p>O projeto consiste em uma resid\u00eancia art\u00edstica de tr\u00eas semanas junto ao Quasars Ensemble. Durante este per\u00edodo, Igor Maia\u00a0 compor\u00e1 uma nova obra, intitulada \u201cTempo, Terra, Trama\u201d para um ensemble de oito m\u00fasicos. O foco da nova obra ser\u00e1 o conceito de tempo, explorando abordagens amer\u00edndias, refletindo sobre a relatividade e a passagem do tempo. [&hellip;]<\/p>\n","protected":false},"author":7,"featured_media":21492,"comment_status":"closed","ping_status":"closed","sticky":false,"template":"","format":"standard","meta":{"_monsterinsights_skip_tracking":false,"_monsterinsights_sitenote_active":false,"_monsterinsights_sitenote_note":"","_monsterinsights_sitenote_category":0,"footnotes":""},"categories":[218],"tags":[],"class_list":["post-21494","post","type-post","status-publish","format-standard","has-post-thumbnail","hentry","category-noticias-generales-pt"],"lang":"pt","translations":{"pt":21494,"es":21491},"pll_sync_post":[],"post_mailing_queue_ids":[],"_links":{"self":[{"href":"https:\/\/www.ibermusicas.org\/index.php\/wp-json\/wp\/v2\/posts\/21494","targetHints":{"allow":["GET"]}}],"collection":[{"href":"https:\/\/www.ibermusicas.org\/index.php\/wp-json\/wp\/v2\/posts"}],"about":[{"href":"https:\/\/www.ibermusicas.org\/index.php\/wp-json\/wp\/v2\/types\/post"}],"author":[{"embeddable":true,"href":"https:\/\/www.ibermusicas.org\/index.php\/wp-json\/wp\/v2\/users\/7"}],"replies":[{"embeddable":true,"href":"https:\/\/www.ibermusicas.org\/index.php\/wp-json\/wp\/v2\/comments?post=21494"}],"version-history":[{"count":0,"href":"https:\/\/www.ibermusicas.org\/index.php\/wp-json\/wp\/v2\/posts\/21494\/revisions"}],"wp:featuredmedia":[{"embeddable":true,"href":"https:\/\/www.ibermusicas.org\/index.php\/wp-json\/wp\/v2\/media\/21492"}],"wp:attachment":[{"href":"https:\/\/www.ibermusicas.org\/index.php\/wp-json\/wp\/v2\/media?parent=21494"}],"wp:term":[{"taxonomy":"category","embeddable":true,"href":"https:\/\/www.ibermusicas.org\/index.php\/wp-json\/wp\/v2\/categories?post=21494"},{"taxonomy":"post_tag","embeddable":true,"href":"https:\/\/www.ibermusicas.org\/index.php\/wp-json\/wp\/v2\/tags?post=21494"}],"curies":[{"name":"wp","href":"https:\/\/api.w.org\/{rel}","templated":true}]}}