{"id":22456,"date":"2025-05-14T21:41:36","date_gmt":"2025-05-14T21:41:36","guid":{"rendered":"https:\/\/www.ibermusicas.org\/?p=22456"},"modified":"2025-11-25T22:29:21","modified_gmt":"2025-11-25T22:29:21","slug":"ibermusicas-presenta-la-segunda-edicion-de-identidades-sonoras-las-playlists-de-ibermusicas","status":"publish","type":"post","link":"https:\/\/www.ibermusicas.org\/index.php\/ibermusicas-presenta-la-segunda-edicion-de-identidades-sonoras-las-playlists-de-ibermusicas\/","title":{"rendered":"IBERM\u00daSICAS presenta la segunda edici\u00f3n de Identidades Sonoras, las playlists de IBERM\u00daSICAS"},"content":{"rendered":"<p>\u201cIdentidades Sonoras\u201d emerge como un proyecto que invita a curadoras y curadores de cada uno de los pa\u00edses que integran el Programa Iberm\u00fasicas a proponer un viaje posible por los mapas musicales de sus naciones desde una mirada autoral.<\/p>\n<p>Nos identificamos en lo diverso, en la complejidad de un calidoscopio sonoro. Marcamos nuestros recorridos en un mapa dibujado con todos los colores posibles y al son de una m\u00fasica que nunca es una pero que es \u00fanica. Una m\u00fasica hecha con miles de vivencias, de b\u00fasquedas, de sonoridades, de historias, de lenguas, de voces\u2026 un espejo en el cual vernos, encontrarnos y descubrirnos.<\/p>\n<p>Para esta segunda edici\u00f3n han sido convocadas y convocados m\u00fasicas y m\u00fasicos que han recibido premios de Iberm\u00fasicas en recientes ediciones de nuestros concursos y l\u00edneas de ayuda.<\/p>\n<p>La invitaci\u00f3n consisti\u00f3 en que cada una y cada uno propusiera una lista de 50 canciones de artistas musicales de su propio pa\u00eds en torno al concepto de \u00abFronteras\u00bb, abordando esta noci\u00f3n desde una multiplicidad de perspectivas (fronteras geogr\u00e1ficas, culturales, simb\u00f3licas, delimitaciones posibles o imaginadas o invisibilizadas).<\/p>\n<p>Participan de Identidades Sonoras II<\/p>\n<p>&#8211; Florencia N\u00fa\u00f1ez (Uruguay)<br \/>\n&#8211; Barbarita Palacios (Argentina)<br \/>\n&#8211; Cristina Clara (Portugal)<br \/>\n&#8211; Javier Mar\u00edn (Venezuela)<br \/>\n&#8211; Marcos Sacramento (Brasil)<br \/>\n&#8211; Pepita Garc\u00eda Mir\u00f3 (Per\u00fa)<br \/>\n&#8211; Pascuala Ilabaca (Chile)<br \/>\n&#8211; Jennifer Hicks (Paraguay)<br \/>\n&#8211; Sofia Elena S\u00e1nchez Messier (Colombia)<br \/>\n&#8211; Carlos M\u00e9ndez (Panam\u00e1)<br \/>\n&#8211; Elena Zu\u00f1iga (Costa Rica)<br \/>\n&#8211; Iracema de Andrade (M\u00e9xico)<br \/>\n&#8211; Karmento (Espa\u00f1a)<br \/>\n&#8211; Carla Calasanz (Ecuador)<br \/>\n&#8211; Alejandro Falc\u00f3n (Cuba)<\/p>\n<p>Acced\u00e9 a las playlist\u00a0 <a href=\"https:\/\/www.ibermusicas.org\/index.php\/playlist\/\" target=\"_blank\" rel=\"noopener\">aqu\u00ed<\/a><\/p>\n","protected":false},"excerpt":{"rendered":"<p>\u201cIdentidades Sonoras\u201d emerge como un proyecto que invita a curadoras y curadores de cada uno de los pa\u00edses que integran el Programa Iberm\u00fasicas a proponer un viaje posible por los mapas musicales de sus naciones desde una mirada autoral. Nos identificamos en lo diverso, en la complejidad de un calidoscopio sonoro. Marcamos nuestros recorridos en [&hellip;]<\/p>\n","protected":false},"author":7,"featured_media":22462,"comment_status":"closed","ping_status":"closed","sticky":false,"template":"","format":"standard","meta":{"_monsterinsights_skip_tracking":false,"_monsterinsights_sitenote_active":false,"_monsterinsights_sitenote_note":"","_monsterinsights_sitenote_category":0,"footnotes":""},"categories":[53,52],"tags":[],"class_list":["post-22456","post","type-post","status-publish","format-standard","has-post-thumbnail","hentry","category-noticias-generales","category-noticias-ibermusicas"],"lang":"es","translations":{"es":22456},"pll_sync_post":[],"post_mailing_queue_ids":[],"_links":{"self":[{"href":"https:\/\/www.ibermusicas.org\/index.php\/wp-json\/wp\/v2\/posts\/22456","targetHints":{"allow":["GET"]}}],"collection":[{"href":"https:\/\/www.ibermusicas.org\/index.php\/wp-json\/wp\/v2\/posts"}],"about":[{"href":"https:\/\/www.ibermusicas.org\/index.php\/wp-json\/wp\/v2\/types\/post"}],"author":[{"embeddable":true,"href":"https:\/\/www.ibermusicas.org\/index.php\/wp-json\/wp\/v2\/users\/7"}],"replies":[{"embeddable":true,"href":"https:\/\/www.ibermusicas.org\/index.php\/wp-json\/wp\/v2\/comments?post=22456"}],"version-history":[{"count":1,"href":"https:\/\/www.ibermusicas.org\/index.php\/wp-json\/wp\/v2\/posts\/22456\/revisions"}],"predecessor-version":[{"id":26917,"href":"https:\/\/www.ibermusicas.org\/index.php\/wp-json\/wp\/v2\/posts\/22456\/revisions\/26917"}],"wp:featuredmedia":[{"embeddable":true,"href":"https:\/\/www.ibermusicas.org\/index.php\/wp-json\/wp\/v2\/media\/22462"}],"wp:attachment":[{"href":"https:\/\/www.ibermusicas.org\/index.php\/wp-json\/wp\/v2\/media?parent=22456"}],"wp:term":[{"taxonomy":"category","embeddable":true,"href":"https:\/\/www.ibermusicas.org\/index.php\/wp-json\/wp\/v2\/categories?post=22456"},{"taxonomy":"post_tag","embeddable":true,"href":"https:\/\/www.ibermusicas.org\/index.php\/wp-json\/wp\/v2\/tags?post=22456"}],"curies":[{"name":"wp","href":"https:\/\/api.w.org\/{rel}","templated":true}]}}