{"id":25455,"date":"2025-07-31T17:40:14","date_gmt":"2025-07-31T17:40:14","guid":{"rendered":"https:\/\/www.ibermusicas.org\/?p=25455"},"modified":"2025-08-28T12:38:43","modified_gmt":"2025-08-28T12:38:43","slug":"la-cantante-y-compositora-argentina-luciana-jury-realiza-una-gira-con-presentaciones-en-diversos-escenarios-de-espana","status":"publish","type":"post","link":"https:\/\/www.ibermusicas.org\/index.php\/la-cantante-y-compositora-argentina-luciana-jury-realiza-una-gira-con-presentaciones-en-diversos-escenarios-de-espana\/","title":{"rendered":"La cantante y compositora argentina Luciana Jury realiza una gira con presentaciones en diversos escenarios de Espa\u00f1a"},"content":{"rendered":"\n<p>Luciana Jury: Una mujer , una voz, una guitarra y un racimo de canciones. As\u00ed, en esta unicidad Jury se mune de&nbsp; los elementos necesarios para contar su mirada del mundo y el sentir de su&nbsp; presente.<\/p>\n\n\n\n<p>Luciana Jury combina intimidad, potencia, nuevas po\u00e9ticas y cl\u00e1sicos de la m\u00fasica popular; un repertorio predominantemente folcl\u00f3rico; argentino y latinoamericano&nbsp; dejando una puerta abierta a la canci\u00f3n degenerada, libre de formas pues para Luciana no es vital la estructura, la \u201cc\u00e1scara\u201d de la canci\u00f3n sino la urgencia del mensaje que la contiene.<\/p>\n\n\n\n<p>Luciana Jury naci\u00f3 en Buenos Aires. Cultiv\u00f3 a trav\u00e9s de su familia, el amor por la m\u00fasica folkl\u00f3rica argentina y latinoamericana. Creci\u00f3 en la frontera donde termina la ciudad y comienza el campo. En ese universo suburbano conviven el tango, la cumbia, el rock y la m\u00fasica folkl\u00f3rica. Su m\u00fasica y su estilo son un reflejo de este paisaje.<\/p>\n\n\n\n<p>Se involucra en la m\u00fasica latinoamericana, aunque sin duda es una artista multifac\u00e9tica que se atreve a poner su sello propio en cualquier estilo musical. Caracterizada por una interpretaci\u00f3n intensa y profunda, aborda canciones an\u00f3nimas de tradici\u00f3n oral, de autores y compositores contempor\u00e1neos adem\u00e1s de sus propias composiciones.<\/p>\n\n\n\n<p>Con su m\u00fasica recorri\u00f3 la Argentina y realiz\u00f3 diversas giras y conciertos por Chile, Uruguay, Brasil, B\u00e9lgica, Alemania, Espa\u00f1a, Suecia, Austria y Dinamarca.<\/p>\n\n\n\n<p>Esta gira espa\u00f1ola de Luciana Jury, cuenta con el apoyo de Iberm\u00fasicas a trav\u00e9s de su l\u00ednea de \u201cAyuda a la circulaci\u00f3n de profesionales de la m\u00fasica\u201d.<\/p>\n\n\n\n<ul class=\"wp-block-list\">\n<li>13 de agosto: Biblioteca Gabriel Garc\u00eda M\u00e1rquez, Barcelona, Espa\u00f1a<\/li>\n\n\n\n<li>19 de agosto: Sala Or, Barcelona, Espa\u00f1a<\/li>\n\n\n\n<li>22 de agosto: Festival Feito A Man, Santiago de Compostela, Espa\u00f1a<\/li>\n\n\n\n<li>23 de agosto: Ser\u00e1ns Culturais, A Teixeira, Ourense, Espa\u00f1a<\/li>\n\n\n\n<li>24 de agosto: Illa de Aorusa, Espa\u00f1a<\/li>\n\n\n\n<li>28 de agosto: Festa Major de Sants, Barcelona, Espa\u00f1a<\/li>\n<\/ul>\n","protected":false},"excerpt":{"rendered":"<p>Luciana Jury: Una mujer , una voz, una guitarra y un racimo de canciones. As\u00ed, en esta unicidad Jury se mune de&nbsp; los elementos necesarios para contar su mirada del mundo y el sentir de su&nbsp; presente. Luciana Jury combina intimidad, potencia, nuevas po\u00e9ticas y cl\u00e1sicos de la m\u00fasica popular; un repertorio predominantemente folcl\u00f3rico; argentino [&hellip;]<\/p>\n","protected":false},"author":7,"featured_media":25503,"comment_status":"closed","ping_status":"closed","sticky":false,"template":"","format":"standard","meta":{"_monsterinsights_skip_tracking":false,"_monsterinsights_sitenote_active":false,"_monsterinsights_sitenote_note":"","_monsterinsights_sitenote_category":0,"footnotes":""},"categories":[53],"tags":[],"class_list":["post-25455","post","type-post","status-publish","format-standard","has-post-thumbnail","hentry","category-noticias-generales"],"lang":"es","translations":{"es":25455},"pll_sync_post":[],"post_mailing_queue_ids":[],"_links":{"self":[{"href":"https:\/\/www.ibermusicas.org\/index.php\/wp-json\/wp\/v2\/posts\/25455","targetHints":{"allow":["GET"]}}],"collection":[{"href":"https:\/\/www.ibermusicas.org\/index.php\/wp-json\/wp\/v2\/posts"}],"about":[{"href":"https:\/\/www.ibermusicas.org\/index.php\/wp-json\/wp\/v2\/types\/post"}],"author":[{"embeddable":true,"href":"https:\/\/www.ibermusicas.org\/index.php\/wp-json\/wp\/v2\/users\/7"}],"replies":[{"embeddable":true,"href":"https:\/\/www.ibermusicas.org\/index.php\/wp-json\/wp\/v2\/comments?post=25455"}],"version-history":[{"count":1,"href":"https:\/\/www.ibermusicas.org\/index.php\/wp-json\/wp\/v2\/posts\/25455\/revisions"}],"predecessor-version":[{"id":25944,"href":"https:\/\/www.ibermusicas.org\/index.php\/wp-json\/wp\/v2\/posts\/25455\/revisions\/25944"}],"wp:featuredmedia":[{"embeddable":true,"href":"https:\/\/www.ibermusicas.org\/index.php\/wp-json\/wp\/v2\/media\/25503"}],"wp:attachment":[{"href":"https:\/\/www.ibermusicas.org\/index.php\/wp-json\/wp\/v2\/media?parent=25455"}],"wp:term":[{"taxonomy":"category","embeddable":true,"href":"https:\/\/www.ibermusicas.org\/index.php\/wp-json\/wp\/v2\/categories?post=25455"},{"taxonomy":"post_tag","embeddable":true,"href":"https:\/\/www.ibermusicas.org\/index.php\/wp-json\/wp\/v2\/tags?post=25455"}],"curies":[{"name":"wp","href":"https:\/\/api.w.org\/{rel}","templated":true}]}}