{"id":25461,"date":"2025-07-31T17:43:39","date_gmt":"2025-07-31T17:43:39","guid":{"rendered":"https:\/\/www.ibermusicas.org\/?p=25461"},"modified":"2025-07-31T17:43:41","modified_gmt":"2025-07-31T17:43:41","slug":"la-cantante-y-compositora-uruguaya-melani-luraschi-presenta-su-trabajo-je-suis-nenette","status":"publish","type":"post","link":"https:\/\/www.ibermusicas.org\/index.php\/la-cantante-y-compositora-uruguaya-melani-luraschi-presenta-su-trabajo-je-suis-nenette\/","title":{"rendered":"La cantante y compositora uruguaya Melan\u00ed Luraschi presenta su trabajo \u201cJe suis Nenette\u201d"},"content":{"rendered":"\n<p>\u201cJe suis Nenette\u201d pone en valor la figura de Antonietta Paule Pepin Fitzpatrick, pianista francesa conocida como Nenette o \u00abPablo del Cerro\u00bb, nombre que utilizaba al firmar las coautor\u00edas realizadas junto a su compa\u00f1ero Atahualpa Yupanqui.<\/p>\n\n\n\n<p>Este proyecto liderado por la cantante y compositora uruguaya Melan\u00ed Luraschi, incluye la presentaci\u00f3n de un \u00e1lbum musical compuesto durante una residencia en la Casa Museo Atahualpa Yupanqui en Cerro Colorado. Durante esta residencia, que cont\u00f3 con el apoyo de Iberm\u00fasicas, se llev\u00f3 a cabo una investigaci\u00f3n en profundidad sobre Nenette, que dio lugar al \u00e1lbum \u201cJe suis Nenette\u201d y a un documental que ser\u00e1 presentado junto a un conversatorio con docentes del seminario \u00abM\u00fasica y geograf\u00eda\u00bb de la Universidad de Buenos Aires.<\/p>\n\n\n\n<p>Este recorrido busca conectar las culturas de Francia y Argentina, visibilizando el aporte de las mujeres en la historia de la m\u00fasica y explorando el di\u00e1logo entre tradiciones europeas y latinoamericanas.<\/p>\n\n\n\n<p>La gira de presentaci\u00f3n de \u201cJe suis Nenette\u201d cuenta con el apoyo del Programa Iberm\u00fasicas mediante su l\u00ednea de \u201cAyuda a la circulaci\u00f3n de profesionales de la m\u00fasica\u201d, convocatoria 2024.<\/p>\n\n\n\n<ul class=\"wp-block-list\">\n<li>Viernes 15 de agosto: charla, concierto y proyecci\u00f3n del documental en Centro Cultural Artesano, Montevideo, Uruguay<\/li>\n\n\n\n<li>Lunes 18 de agosto, 19h: charla y proyecci\u00f3n del documental en el Departamento de Artes Musicales y Sonoras de la UNA\u00a0 (Universidad Nacional de las Artes), Ciudad de Buenos Aires, Argentina<\/li>\n\n\n\n<li>Viernes 22 de agosto: charla, concierto y proyecci\u00f3n del documental en el Galp\u00f3n de las Artes, Mar del Plata, Provincia de Buenos Aires, Argentina<\/li>\n\n\n\n<li>Lunes 25 de agosto, 19h: charla y proyecci\u00f3n del documental en Centro Cultural Universitario Paco Urondo, Ciudad de Buenos Aires, Argentina<\/li>\n\n\n\n<li>Viernes 29 de agosto: concierto y proyecci\u00f3n del documental en Espacio Cultural Julio Le Parc, Mendoza<\/li>\n\n\n\n<li>Viernes 5 de septiembre: concierto y proyecci\u00f3n del documental en\u00a0 Centro Cultural Kavlin, Maldonado, Uruguay<\/li>\n\n\n\n<li>S\u00e1bado 6 de septiembre: charla en Alianza Francesa, Montevideo, Uruguay<\/li>\n<\/ul>\n","protected":false},"excerpt":{"rendered":"<p>\u201cJe suis Nenette\u201d pone en valor la figura de Antonietta Paule Pepin Fitzpatrick, pianista francesa conocida como Nenette o \u00abPablo del Cerro\u00bb, nombre que utilizaba al firmar las coautor\u00edas realizadas junto a su compa\u00f1ero Atahualpa Yupanqui. Este proyecto liderado por la cantante y compositora uruguaya Melan\u00ed Luraschi, incluye la presentaci\u00f3n de un \u00e1lbum musical compuesto [&hellip;]<\/p>\n","protected":false},"author":7,"featured_media":25463,"comment_status":"closed","ping_status":"closed","sticky":false,"template":"","format":"standard","meta":{"_monsterinsights_skip_tracking":false,"_monsterinsights_sitenote_active":false,"_monsterinsights_sitenote_note":"","_monsterinsights_sitenote_category":0,"footnotes":""},"categories":[53],"tags":[],"class_list":["post-25461","post","type-post","status-publish","format-standard","has-post-thumbnail","hentry","category-noticias-generales"],"lang":"es","translations":{"es":25461},"pll_sync_post":[],"post_mailing_queue_ids":[],"_links":{"self":[{"href":"https:\/\/www.ibermusicas.org\/index.php\/wp-json\/wp\/v2\/posts\/25461","targetHints":{"allow":["GET"]}}],"collection":[{"href":"https:\/\/www.ibermusicas.org\/index.php\/wp-json\/wp\/v2\/posts"}],"about":[{"href":"https:\/\/www.ibermusicas.org\/index.php\/wp-json\/wp\/v2\/types\/post"}],"author":[{"embeddable":true,"href":"https:\/\/www.ibermusicas.org\/index.php\/wp-json\/wp\/v2\/users\/7"}],"replies":[{"embeddable":true,"href":"https:\/\/www.ibermusicas.org\/index.php\/wp-json\/wp\/v2\/comments?post=25461"}],"version-history":[{"count":0,"href":"https:\/\/www.ibermusicas.org\/index.php\/wp-json\/wp\/v2\/posts\/25461\/revisions"}],"wp:featuredmedia":[{"embeddable":true,"href":"https:\/\/www.ibermusicas.org\/index.php\/wp-json\/wp\/v2\/media\/25463"}],"wp:attachment":[{"href":"https:\/\/www.ibermusicas.org\/index.php\/wp-json\/wp\/v2\/media?parent=25461"}],"wp:term":[{"taxonomy":"category","embeddable":true,"href":"https:\/\/www.ibermusicas.org\/index.php\/wp-json\/wp\/v2\/categories?post=25461"},{"taxonomy":"post_tag","embeddable":true,"href":"https:\/\/www.ibermusicas.org\/index.php\/wp-json\/wp\/v2\/tags?post=25461"}],"curies":[{"name":"wp","href":"https:\/\/api.w.org\/{rel}","templated":true}]}}