{"id":25468,"date":"2025-07-31T17:47:06","date_gmt":"2025-07-31T17:47:06","guid":{"rendered":"https:\/\/www.ibermusicas.org\/?p=25468"},"modified":"2025-08-28T12:38:18","modified_gmt":"2025-08-28T12:38:18","slug":"dentro-del-proyecto-sones-de-ida-y-vuelta-la-renombrada-agrupacion-mexicana-de-son-jarocho-son-de-madera-realizara-una-gira-por-espana","status":"publish","type":"post","link":"https:\/\/www.ibermusicas.org\/index.php\/dentro-del-proyecto-sones-de-ida-y-vuelta-la-renombrada-agrupacion-mexicana-de-son-jarocho-son-de-madera-realizara-una-gira-por-espana\/","title":{"rendered":"Dentro del proyecto \u201cSones de ida y vuelta\u201d la renombrada agrupaci\u00f3n mexicana de Son Jarocho \u201cSon de Madera\u201d realizar\u00e1 una gira por Espa\u00f1a"},"content":{"rendered":"\n<p>Son de Madera es una banda de Son Jarocho fundada por Ram\u00f3n Guti\u00e9rrez Hern\u00e1ndez en 1992 en Xalapa, Veracruz, M\u00e9xico. Ofrecen una experiencia sonoro-po\u00e9tica \u00fanica. Son un espacio de exploraci\u00f3n e inspiraci\u00f3n para nuevas generaciones de m\u00fasicos. Su m\u00fasica ha viajado por todo el mundo, renovando la tradici\u00f3n a trav\u00e9s del juego y la experimentaci\u00f3n. Son reconocidos internacionalmente por su propuesta musical y esc\u00e9nica, que mantiene la esencia de la m\u00fasica tradicional y la renueva mediante la creatividad de cada uno de sus integrantes.<\/p>\n\n\n\n<p>Los conciertos de Son de Madera se basa en la recreaci\u00f3n de los elementos que conforman el fandango: la m\u00fasica, el canto,<\/p>\n\n\n\n<p>la poes\u00eda y la improvisaci\u00f3n.<\/p>\n\n\n\n<p>Son de Madera ha tenido el honor de llevar el Son Jarocho a los principales foros y festivales tanto nacionales como internacionales, manteniendo su tradici\u00f3n y vibrante esp\u00edritu vivo.<\/p>\n\n\n\n<p>En 2023, el director musical fue premiado en los Grammy \u0301s por su labor musical dentro del proyecto Fandango at the Wall en el \u00e1lbum de Jazz Latino; y han estado nominados en la 9a Edici\u00f3n de los Independent Music Awards en las categor\u00edas a Mejor \u00c1lbum Latino, Mejor Canci\u00f3n Latina y Mejor Cover; as\u00ed mismo, fueron galardonados con el Premio al Mejor Espect\u00e1culo de m\u00fasica tradicional en Las Lunas del Auditorio 2015.<\/p>\n\n\n\n<p>Esta gira de \u201cSon de Madera\u201d, cuenta con el apoyo de Iberm\u00fasicas mediante su l\u00ednea de \u201cAyuda a la circulaci\u00f3n de profesionales de la m\u00fasica\u201d, convocatoria 2024.<\/p>\n\n\n\n<ul class=\"wp-block-list\">\n<li>15 al 19 de agosto: Encuentro de Ra\u00edz, Barcelona, Espa\u00f1a\u00a0<\/li>\n\n\n\n<li>22 de agosto: Bidasoa Folk Festival, Euskadi, Espa\u00f1a<\/li>\n\n\n\n<li>30 de agosto: Luna de Barrada, Murcia, Espa\u00f1a<\/li>\n\n\n\n<li>12 de septiembre: Casa de M\u00e9xico en Madrid, Espa\u00f1a<\/li>\n\n\n\n<li>26 de septiembre: Fiesta de la Merce, Barcelona, Espa\u00f1a\u00a0<\/li>\n<\/ul>\n","protected":false},"excerpt":{"rendered":"<p>Son de Madera es una banda de Son Jarocho fundada por Ram\u00f3n Guti\u00e9rrez Hern\u00e1ndez en 1992 en Xalapa, Veracruz, M\u00e9xico. Ofrecen una experiencia sonoro-po\u00e9tica \u00fanica. Son un espacio de exploraci\u00f3n e inspiraci\u00f3n para nuevas generaciones de m\u00fasicos. Su m\u00fasica ha viajado por todo el mundo, renovando la tradici\u00f3n a trav\u00e9s del juego y la experimentaci\u00f3n. [&hellip;]<\/p>\n","protected":false},"author":7,"featured_media":25501,"comment_status":"closed","ping_status":"closed","sticky":false,"template":"","format":"standard","meta":{"_monsterinsights_skip_tracking":false,"_monsterinsights_sitenote_active":false,"_monsterinsights_sitenote_note":"","_monsterinsights_sitenote_category":0,"footnotes":""},"categories":[53],"tags":[],"class_list":["post-25468","post","type-post","status-publish","format-standard","has-post-thumbnail","hentry","category-noticias-generales"],"lang":"es","translations":{"es":25468},"pll_sync_post":[],"post_mailing_queue_ids":[],"_links":{"self":[{"href":"https:\/\/www.ibermusicas.org\/index.php\/wp-json\/wp\/v2\/posts\/25468","targetHints":{"allow":["GET"]}}],"collection":[{"href":"https:\/\/www.ibermusicas.org\/index.php\/wp-json\/wp\/v2\/posts"}],"about":[{"href":"https:\/\/www.ibermusicas.org\/index.php\/wp-json\/wp\/v2\/types\/post"}],"author":[{"embeddable":true,"href":"https:\/\/www.ibermusicas.org\/index.php\/wp-json\/wp\/v2\/users\/7"}],"replies":[{"embeddable":true,"href":"https:\/\/www.ibermusicas.org\/index.php\/wp-json\/wp\/v2\/comments?post=25468"}],"version-history":[{"count":1,"href":"https:\/\/www.ibermusicas.org\/index.php\/wp-json\/wp\/v2\/posts\/25468\/revisions"}],"predecessor-version":[{"id":25943,"href":"https:\/\/www.ibermusicas.org\/index.php\/wp-json\/wp\/v2\/posts\/25468\/revisions\/25943"}],"wp:featuredmedia":[{"embeddable":true,"href":"https:\/\/www.ibermusicas.org\/index.php\/wp-json\/wp\/v2\/media\/25501"}],"wp:attachment":[{"href":"https:\/\/www.ibermusicas.org\/index.php\/wp-json\/wp\/v2\/media?parent=25468"}],"wp:term":[{"taxonomy":"category","embeddable":true,"href":"https:\/\/www.ibermusicas.org\/index.php\/wp-json\/wp\/v2\/categories?post=25468"},{"taxonomy":"post_tag","embeddable":true,"href":"https:\/\/www.ibermusicas.org\/index.php\/wp-json\/wp\/v2\/tags?post=25468"}],"curies":[{"name":"wp","href":"https:\/\/api.w.org\/{rel}","templated":true}]}}