{"id":25473,"date":"2025-07-31T17:50:37","date_gmt":"2025-07-31T17:50:37","guid":{"rendered":"https:\/\/www.ibermusicas.org\/?p=25473"},"modified":"2025-08-28T12:37:52","modified_gmt":"2025-08-28T12:37:52","slug":"la-artista-brasilena-donna-bagos-comienza-la-residencia-artistica-donna-bagos-en-mexico-otra-vez-en-casa-snowapple-mx","status":"publish","type":"post","link":"https:\/\/www.ibermusicas.org\/index.php\/la-artista-brasilena-donna-bagos-comienza-la-residencia-artistica-donna-bagos-en-mexico-otra-vez-en-casa-snowapple-mx\/","title":{"rendered":"La artista brasile\u00f1a Donna Bagos comienza la residencia art\u00edstica \u201cDonna Bagos en M\u00e9xico otra vez\u201d en Casa Snowapple Mx"},"content":{"rendered":"\n<p>La residencia \u201cDonna Bagos en M\u00e9xico otra vez\u201d con duraci\u00f3n de un mes, tiene por objetivo la integraci\u00f3n de la artista transformista sur brasile\u00f1a con artistas\/productoras mujeres de la comunidad musical y la poblaci\u00f3n mexicana. Para ello, durante los \u00faltimos meses, Donna Bagos, en colaboraci\u00f3n con Casa Snowapple, ha llevado a cabo un proceso de selecci\u00f3n de la profesional de la m\u00fasica que la acompa\u00f1ar\u00e1 en su producci\u00f3n en M\u00e9xico. A trav\u00e9s de reuniones virtuales y entrevistas, se ha elegido a la artista argentina afincada en Ciudad de M\u00e9xico, Candela Cibrian, que desarrolla el proyecto en solitario Fenna Frei.<\/p>\n\n\n\n<p>Donna Bagos es la persona drag del dise\u00f1ador sur brasile\u00f1o Andrei Rufino de Lira. Nacido en la triple frontera entre Brasil, Argentina y Paraguay vive y desarrolla su carrera en Curitiba desde 2013. Es graduado en Dise\u00f1o de Modas en la Pontificia Universidad Cat\u00f3lica del Paran\u00e1 y la Universidad de Guadalajara, M\u00e9xico. La artista transdisciplinar act\u00faa principalmente en el campo de la m\u00fasica, audiovisual y moda. En 2024 lanz\u00f3 su primer \u201cDesamores\u201d.<\/p>\n\n\n\n<p>Donna Bagos es \u201cAgente de Cultura Viva LGBTQIA+\u201d certificada por el Ministerio de la Cultura en Brasil, un premio de reconocimiento a su carrera y al trabajo cultural para la comunidad brasile\u00f1a.<\/p>\n\n\n\n<p>Esta residencia de Donna Bagos se hace posible gracias al apoyo de Iberm\u00fasicas mediante su l\u00ednea de \u201cAyuda a artistas e investigadores para residencias\u201d, convocatoria 2024.<\/p>\n\n\n\n<ul class=\"wp-block-list\">\n<li>Mes de agosto en Casa Snowapple Mex, Tres Cruces 83, Santa Catarina, Ciudad De M\u00e9xico<\/li>\n<\/ul>\n","protected":false},"excerpt":{"rendered":"<p>La residencia \u201cDonna Bagos en M\u00e9xico otra vez\u201d con duraci\u00f3n de un mes, tiene por objetivo la integraci\u00f3n de la artista transformista sur brasile\u00f1a con artistas\/productoras mujeres de la comunidad musical y la poblaci\u00f3n mexicana. Para ello, durante los \u00faltimos meses, Donna Bagos, en colaboraci\u00f3n con Casa Snowapple, ha llevado a cabo un proceso de [&hellip;]<\/p>\n","protected":false},"author":7,"featured_media":25474,"comment_status":"closed","ping_status":"closed","sticky":false,"template":"","format":"standard","meta":{"_monsterinsights_skip_tracking":false,"_monsterinsights_sitenote_active":false,"_monsterinsights_sitenote_note":"","_monsterinsights_sitenote_category":0,"footnotes":""},"categories":[53],"tags":[],"class_list":["post-25473","post","type-post","status-publish","format-standard","has-post-thumbnail","hentry","category-noticias-generales"],"lang":"es","translations":{"es":25473},"pll_sync_post":[],"post_mailing_queue_ids":[],"_links":{"self":[{"href":"https:\/\/www.ibermusicas.org\/index.php\/wp-json\/wp\/v2\/posts\/25473","targetHints":{"allow":["GET"]}}],"collection":[{"href":"https:\/\/www.ibermusicas.org\/index.php\/wp-json\/wp\/v2\/posts"}],"about":[{"href":"https:\/\/www.ibermusicas.org\/index.php\/wp-json\/wp\/v2\/types\/post"}],"author":[{"embeddable":true,"href":"https:\/\/www.ibermusicas.org\/index.php\/wp-json\/wp\/v2\/users\/7"}],"replies":[{"embeddable":true,"href":"https:\/\/www.ibermusicas.org\/index.php\/wp-json\/wp\/v2\/comments?post=25473"}],"version-history":[{"count":1,"href":"https:\/\/www.ibermusicas.org\/index.php\/wp-json\/wp\/v2\/posts\/25473\/revisions"}],"predecessor-version":[{"id":25942,"href":"https:\/\/www.ibermusicas.org\/index.php\/wp-json\/wp\/v2\/posts\/25473\/revisions\/25942"}],"wp:featuredmedia":[{"embeddable":true,"href":"https:\/\/www.ibermusicas.org\/index.php\/wp-json\/wp\/v2\/media\/25474"}],"wp:attachment":[{"href":"https:\/\/www.ibermusicas.org\/index.php\/wp-json\/wp\/v2\/media?parent=25473"}],"wp:term":[{"taxonomy":"category","embeddable":true,"href":"https:\/\/www.ibermusicas.org\/index.php\/wp-json\/wp\/v2\/categories?post=25473"},{"taxonomy":"post_tag","embeddable":true,"href":"https:\/\/www.ibermusicas.org\/index.php\/wp-json\/wp\/v2\/tags?post=25473"}],"curies":[{"name":"wp","href":"https:\/\/api.w.org\/{rel}","templated":true}]}}