{"id":25606,"date":"2025-08-13T19:33:31","date_gmt":"2025-08-13T19:33:31","guid":{"rendered":"https:\/\/www.ibermusicas.org\/?p=25606"},"modified":"2025-08-13T19:34:38","modified_gmt":"2025-08-13T19:34:38","slug":"la-orquesta-de-guitarras-de-cordoba-guitarodia-participara-del-primer-encuentro-de-guitarra-iberoamericana-de-turrialba-costa-rica","status":"publish","type":"post","link":"https:\/\/www.ibermusicas.org\/index.php\/la-orquesta-de-guitarras-de-cordoba-guitarodia-participara-del-primer-encuentro-de-guitarra-iberoamericana-de-turrialba-costa-rica\/","title":{"rendered":"La Orquesta de Guitarras de C\u00f3rdoba \u201cGuitarodia\u201d participar\u00e1 del Primer Encuentro de Guitarra Iberoamericana de Turrialba, Costa Rica"},"content":{"rendered":"\n<p>La Orquesta&nbsp; Guitarodia est\u00e1 dirigida por el maestro Javier Villafuerte, docente del Conservatorio&nbsp; Superior de M\u00fasica de C\u00f3rdoba, quien compartir\u00e1 su experiencia y conocimientos con&nbsp; los asistentes.<\/p>\n\n\n\n<p>La Sede del Atl\u00e1ntico de la Universidad de Costa Rica se alista para recibir a destacados&nbsp; guitarristas y m\u00fasicos internacionales en el Primer Encuentro de Guitarra&nbsp; Iberoamericana &#8211; Turrialba 2025. El encuentro reunir\u00e1 a artistas, acad\u00e9micos y estudiantes para celebrar la&nbsp; guitarra como instrumento central en la m\u00fasica de la regi\u00f3n, y tendr\u00e1 lugar en un ambiente de gran belleza natural y cultural, ofreciendo no solo una experiencia&nbsp; formativa, sino tambi\u00e9n una inmersi\u00f3n en el patrimonio hist\u00f3rico de la regi\u00f3n atl\u00e1ntica&nbsp; de Costa Rica.<\/p>\n\n\n\n<p>El encuentro constar\u00e1 de conciertos y clases maestras impartidas por los guitarristas invitados, brindando una valiosa oportunidad para que los participantes se sumerjan en&nbsp; el aprendizaje y la pr\u00e1ctica de la guitarra con los mejores exponentes de la regi\u00f3n.<\/p>\n\n\n\n<p>La presencia de la Orquesta de Guitarras \u201cGuitarodia\u201d de C\u00f3rdoba en el Primer Encuentro de Guitarra Iberoamericana de Turrialba, se hace posible gracias al apoyo de Iberm\u00fasicas mediante su l\u00ednea de \u201cAyuda a la circulaci\u00f3n de profesionales de la m\u00fasica\u201d, convocatoria 2024.<\/p>\n\n\n\n<ul class=\"wp-block-list\">\n<li>16 de agosto: Concierto de Javier Villafuerte como solista invitado con la Orquesta Sinf\u00f3nica de La Uni\u00f3n.<\/li>\n\n\n\n<li>Del 17 al 19 de agosto: Encuentro con la Orquesta de Guitarras de la Escuela de Artes Musicales de la Universidad de Costa Rica.<\/li>\n\n\n\n<li>Del 20 al 22 de agosto: Encuentro, talleres \u00a0y concierto en la Sede del Atl\u00e1ntico de la Universidad de Costa Rica, Turrialba.<\/li>\n\n\n\n<li>23 de agosto: Taller y concierto de extensi\u00f3n en el recinto de Gu\u00e1piles de la Universidad de Costa Rica.<\/li>\n<\/ul>\n","protected":false},"excerpt":{"rendered":"<p>La Orquesta&nbsp; Guitarodia est\u00e1 dirigida por el maestro Javier Villafuerte, docente del Conservatorio&nbsp; Superior de M\u00fasica de C\u00f3rdoba, quien compartir\u00e1 su experiencia y conocimientos con&nbsp; los asistentes. La Sede del Atl\u00e1ntico de la Universidad de Costa Rica se alista para recibir a destacados&nbsp; guitarristas y m\u00fasicos internacionales en el Primer Encuentro de Guitarra&nbsp; Iberoamericana &#8211; [&hellip;]<\/p>\n","protected":false},"author":7,"featured_media":25607,"comment_status":"closed","ping_status":"closed","sticky":false,"template":"","format":"standard","meta":{"_monsterinsights_skip_tracking":false,"_monsterinsights_sitenote_active":false,"_monsterinsights_sitenote_note":"","_monsterinsights_sitenote_category":0,"footnotes":""},"categories":[53],"tags":[],"class_list":["post-25606","post","type-post","status-publish","format-standard","has-post-thumbnail","hentry","category-noticias-generales"],"lang":"es","translations":{"es":25606},"pll_sync_post":[],"post_mailing_queue_ids":[],"_links":{"self":[{"href":"https:\/\/www.ibermusicas.org\/index.php\/wp-json\/wp\/v2\/posts\/25606","targetHints":{"allow":["GET"]}}],"collection":[{"href":"https:\/\/www.ibermusicas.org\/index.php\/wp-json\/wp\/v2\/posts"}],"about":[{"href":"https:\/\/www.ibermusicas.org\/index.php\/wp-json\/wp\/v2\/types\/post"}],"author":[{"embeddable":true,"href":"https:\/\/www.ibermusicas.org\/index.php\/wp-json\/wp\/v2\/users\/7"}],"replies":[{"embeddable":true,"href":"https:\/\/www.ibermusicas.org\/index.php\/wp-json\/wp\/v2\/comments?post=25606"}],"version-history":[{"count":0,"href":"https:\/\/www.ibermusicas.org\/index.php\/wp-json\/wp\/v2\/posts\/25606\/revisions"}],"wp:featuredmedia":[{"embeddable":true,"href":"https:\/\/www.ibermusicas.org\/index.php\/wp-json\/wp\/v2\/media\/25607"}],"wp:attachment":[{"href":"https:\/\/www.ibermusicas.org\/index.php\/wp-json\/wp\/v2\/media?parent=25606"}],"wp:term":[{"taxonomy":"category","embeddable":true,"href":"https:\/\/www.ibermusicas.org\/index.php\/wp-json\/wp\/v2\/categories?post=25606"},{"taxonomy":"post_tag","embeddable":true,"href":"https:\/\/www.ibermusicas.org\/index.php\/wp-json\/wp\/v2\/tags?post=25606"}],"curies":[{"name":"wp","href":"https:\/\/api.w.org\/{rel}","templated":true}]}}