{"id":25611,"date":"2025-08-13T19:41:41","date_gmt":"2025-08-13T19:41:41","guid":{"rendered":"https:\/\/www.ibermusicas.org\/?p=25611"},"modified":"2025-08-13T19:42:19","modified_gmt":"2025-08-13T19:42:19","slug":"la-compositora-y-cantante-gaditana-la-mare-realizara-una-gira-por-argentina-y-uruguay","status":"publish","type":"post","link":"https:\/\/www.ibermusicas.org\/index.php\/la-compositora-y-cantante-gaditana-la-mare-realizara-una-gira-por-argentina-y-uruguay\/","title":{"rendered":"La compositora y cantante gaditana La Mare realizar\u00e1 una gira por Argentina y Uruguay"},"content":{"rendered":"\n<p>La propuesta de la La Mare, compositora, m\u00fasica y cantante gaditana, amante de la palabra y las m\u00fasicas de ra\u00edz se caracteriza por la fusi\u00f3n de ritmos y estilos y la dulzura llena de garra de su voz. En su m\u00fasica priman los \u00abritmos del sur del mundo\u00bb: ritmos tradicionales del norte al sur de la pen\u00ednsula ib\u00e9rica, con matices del folklore latinoamericano y toda su ra\u00edz africana.<\/p>\n\n\n\n<p>Esta riqueza musical, se une a toda una propuesta po\u00e9tica, siendo sus letras su sello de identidad. Frescura y profundidad en perfecta sinton\u00eda, con un gran manejo del sentido del humor. La artista propone un viaje a trav\u00e9s de un universo de emociones, haciendo sentir al p\u00fablico como parte del concierto desde el principio. Cantar, bailar, llorar y re\u00edr, todo a un tiempo, es un habitual en un concierto de La Mare.<\/p>\n\n\n\n<p>Esta gira sudamericana de La Mare cuenta con el apoyo del Programa Iberm\u00fasicas a trav\u00e9s de su l\u00ednea de \u201cAyuda a la circulaci\u00f3n de profesionales de la m\u00fasica\u201d, convocatoria 2024.<\/p>\n\n\n\n<ul class=\"wp-block-list\">\n<li>21 de agosto, Casatres, Neuqu\u00e9n, Argentina<\/li>\n\n\n\n<li>22 de agosto, Casa de la Cultura, Fiske Menuco \/ Gra. Roca, Rio Negro, Argentina<\/li>\n\n\n\n<li>23 de agosto, Mercado de M\u00fasica Patag\u00f3nico, Bariloche, Rio Negro, Argentina<\/li>\n\n\n\n<li>24 de agosto, Mercado de M\u00fasica Patag\u00f3nico, Bariloche, Rio Negro, Argentina<\/li>\n\n\n\n<li>28 de agosto, Casa del Bicentenario, El Bols\u00f3n, Rio Negro, Argentina<\/li>\n\n\n\n<li>30 de agosto, Espacio Trama, San Mart\u00edn de los Andes, Neuqu\u00e9n, Argentina<\/li>\n\n\n\n<li>11 de septiembre, Caf\u00e9 Vinilo, Ciudad de Buenos Aires Argentina<\/li>\n\n\n\n<li>13 de septiembre, Casa Cuch\u00e1, Ciudad de la Plata, Provincia de Buenos Aires Argentina<\/li>\n\n\n\n<li>18 de septiembre, Centro Cultural Espa\u00f1a, C\u00f3rdoba, Argentina<\/li>\n\n\n\n<li>19 de septiembre, Centro Cultural Parque Espa\u00f1a, Rosario, Argentina<\/li>\n\n\n\n<li>26 de septiembre, Viento Sur, Ciudad de la Costa, Canelones, Uruguay<\/li>\n\n\n\n<li>1ero de octubre, Sala Zitarrosa, Montevideo, Uruguay<\/li>\n<\/ul>\n","protected":false},"excerpt":{"rendered":"<p>La propuesta de la La Mare, compositora, m\u00fasica y cantante gaditana, amante de la palabra y las m\u00fasicas de ra\u00edz se caracteriza por la fusi\u00f3n de ritmos y estilos y la dulzura llena de garra de su voz. En su m\u00fasica priman los \u00abritmos del sur del mundo\u00bb: ritmos tradicionales del norte al sur de [&hellip;]<\/p>\n","protected":false},"author":7,"featured_media":25612,"comment_status":"closed","ping_status":"closed","sticky":false,"template":"","format":"standard","meta":{"_monsterinsights_skip_tracking":false,"_monsterinsights_sitenote_active":false,"_monsterinsights_sitenote_note":"","_monsterinsights_sitenote_category":0,"footnotes":""},"categories":[53],"tags":[],"class_list":["post-25611","post","type-post","status-publish","format-standard","has-post-thumbnail","hentry","category-noticias-generales"],"lang":"es","translations":{"es":25611},"pll_sync_post":[],"post_mailing_queue_ids":[],"_links":{"self":[{"href":"https:\/\/www.ibermusicas.org\/index.php\/wp-json\/wp\/v2\/posts\/25611","targetHints":{"allow":["GET"]}}],"collection":[{"href":"https:\/\/www.ibermusicas.org\/index.php\/wp-json\/wp\/v2\/posts"}],"about":[{"href":"https:\/\/www.ibermusicas.org\/index.php\/wp-json\/wp\/v2\/types\/post"}],"author":[{"embeddable":true,"href":"https:\/\/www.ibermusicas.org\/index.php\/wp-json\/wp\/v2\/users\/7"}],"replies":[{"embeddable":true,"href":"https:\/\/www.ibermusicas.org\/index.php\/wp-json\/wp\/v2\/comments?post=25611"}],"version-history":[{"count":0,"href":"https:\/\/www.ibermusicas.org\/index.php\/wp-json\/wp\/v2\/posts\/25611\/revisions"}],"wp:featuredmedia":[{"embeddable":true,"href":"https:\/\/www.ibermusicas.org\/index.php\/wp-json\/wp\/v2\/media\/25612"}],"wp:attachment":[{"href":"https:\/\/www.ibermusicas.org\/index.php\/wp-json\/wp\/v2\/media?parent=25611"}],"wp:term":[{"taxonomy":"category","embeddable":true,"href":"https:\/\/www.ibermusicas.org\/index.php\/wp-json\/wp\/v2\/categories?post=25611"},{"taxonomy":"post_tag","embeddable":true,"href":"https:\/\/www.ibermusicas.org\/index.php\/wp-json\/wp\/v2\/tags?post=25611"}],"curies":[{"name":"wp","href":"https:\/\/api.w.org\/{rel}","templated":true}]}}