{"id":25616,"date":"2025-08-13T19:52:16","date_gmt":"2025-08-13T19:52:16","guid":{"rendered":"https:\/\/www.ibermusicas.org\/?p=25616"},"modified":"2025-08-28T12:36:39","modified_gmt":"2025-08-28T12:36:39","slug":"la-agrupacion-calle-de-fuego-de-uruguay-realizara-conciertos-y-brindara-talleres-en-argentina-y-en-espana","status":"publish","type":"post","link":"https:\/\/www.ibermusicas.org\/index.php\/la-agrupacion-calle-de-fuego-de-uruguay-realizara-conciertos-y-brindara-talleres-en-argentina-y-en-espana\/","title":{"rendered":"La agrupaci\u00f3n Calle de Fuego de Uruguay realizar\u00e1 conciertos y brindar\u00e1 talleres en Argentina y en Espa\u00f1a"},"content":{"rendered":"\n<p>Calle de Fuego es un proyecto que abarca el candombe en tres pilares fundamentales: M\u00fasica, Danza e Historia. Se trata de un espect\u00e1culo musical que revive los antiguos candombes, con el objetivo de preservar esta tradici\u00f3n mediante el uso de herramientas tecnol\u00f3gicas, en armon\u00eda con el tambor y el canto.<\/p>\n\n\n\n<p>El proyecto tambi\u00e9n ofrece talleres de danza de candombe, abiertos a todos los niveles de aprendizaje, as\u00ed como talleres de tambores de candombe y de bajo el\u00e9ctrico, dirigidos a m\u00fasicos que deseen profundizar en la r\u00edtmica de este g\u00e9nero afrouruguayo.<\/p>\n\n\n\n<p>El espect\u00e1culo combina un set de live looping con bajo el\u00e9ctrico, percusi\u00f3n y voces que llevan al candombe como g\u00e9nero central, homenajeando a grandes autores uruguayos.<\/p>\n\n\n\n<p>Calle de Fuego es uno de los proyectos ganadores de la convocatoria 2024 del Programa Iberm\u00fasicas en la l\u00ednea de \u201cAyuda a la circulaci\u00f3n de profesionales de la m\u00fasica\u201d. Adem\u00e1s, cuenta con el auspicio de Municipio B, SUDEI (Soc. Uruguaya de Int\u00e9rpretes), el Consulado General del Uruguay en Barcelona, la Declaraci\u00f3n de Inter\u00e9s Autoral de AGADU (Asoc. Gral. Autores del Uruguay) y la Declaraci\u00f3n de Inter\u00e9s Ministerial del Ministerio de Turismo.<\/p>\n\n\n\n<ul class=\"wp-block-list\">\n<li>S\u00e1bado 23 de agosto: Concierto Activaci\u00f3n del tercer foyer de la muestra del Museo Pettoruti, Ciudad de La Plata, Buenos Aires, Argentina<\/li>\n\n\n\n<li>S\u00e1bado 23 de agosto: Concierto con m\u00fasicos invitados en Centro Cultural La Bicicleter\u00eda, Ciudad de La Plata, Buenos Aires, Argentina<\/li>\n\n\n\n<li>Domingo 24 de agosto: Concierto y talleres en Espacio Sudaka,\u00a0 Ciudad de La Plata, Buenos Aires, Argentina<\/li>\n\n\n\n<li>Domingo 31 de agosto: Concierto junto a Candombe Bant\u00fa y destacados artistas en Palau Solit\u00e0 I Plegamans, Barcelona, Espa\u00f1a<\/li>\n\n\n\n<li>Mi\u00e9rcoles 3 de septiembre: Talleres de candombe en Asoc. Cultural Candombe Bant\u00fa, Barcelona, Espa\u00f1a<\/li>\n<\/ul>\n","protected":false},"excerpt":{"rendered":"<p>Calle de Fuego es un proyecto que abarca el candombe en tres pilares fundamentales: M\u00fasica, Danza e Historia. Se trata de un espect\u00e1culo musical que revive los antiguos candombes, con el objetivo de preservar esta tradici\u00f3n mediante el uso de herramientas tecnol\u00f3gicas, en armon\u00eda con el tambor y el canto. El proyecto tambi\u00e9n ofrece talleres [&hellip;]<\/p>\n","protected":false},"author":7,"featured_media":25617,"comment_status":"closed","ping_status":"closed","sticky":false,"template":"","format":"standard","meta":{"_monsterinsights_skip_tracking":false,"_monsterinsights_sitenote_active":false,"_monsterinsights_sitenote_note":"","_monsterinsights_sitenote_category":0,"footnotes":""},"categories":[53],"tags":[],"class_list":["post-25616","post","type-post","status-publish","format-standard","has-post-thumbnail","hentry","category-noticias-generales"],"lang":"es","translations":{"es":25616},"pll_sync_post":[],"post_mailing_queue_ids":[],"_links":{"self":[{"href":"https:\/\/www.ibermusicas.org\/index.php\/wp-json\/wp\/v2\/posts\/25616","targetHints":{"allow":["GET"]}}],"collection":[{"href":"https:\/\/www.ibermusicas.org\/index.php\/wp-json\/wp\/v2\/posts"}],"about":[{"href":"https:\/\/www.ibermusicas.org\/index.php\/wp-json\/wp\/v2\/types\/post"}],"author":[{"embeddable":true,"href":"https:\/\/www.ibermusicas.org\/index.php\/wp-json\/wp\/v2\/users\/7"}],"replies":[{"embeddable":true,"href":"https:\/\/www.ibermusicas.org\/index.php\/wp-json\/wp\/v2\/comments?post=25616"}],"version-history":[{"count":1,"href":"https:\/\/www.ibermusicas.org\/index.php\/wp-json\/wp\/v2\/posts\/25616\/revisions"}],"predecessor-version":[{"id":25939,"href":"https:\/\/www.ibermusicas.org\/index.php\/wp-json\/wp\/v2\/posts\/25616\/revisions\/25939"}],"wp:featuredmedia":[{"embeddable":true,"href":"https:\/\/www.ibermusicas.org\/index.php\/wp-json\/wp\/v2\/media\/25617"}],"wp:attachment":[{"href":"https:\/\/www.ibermusicas.org\/index.php\/wp-json\/wp\/v2\/media?parent=25616"}],"wp:term":[{"taxonomy":"category","embeddable":true,"href":"https:\/\/www.ibermusicas.org\/index.php\/wp-json\/wp\/v2\/categories?post=25616"},{"taxonomy":"post_tag","embeddable":true,"href":"https:\/\/www.ibermusicas.org\/index.php\/wp-json\/wp\/v2\/tags?post=25616"}],"curies":[{"name":"wp","href":"https:\/\/api.w.org\/{rel}","templated":true}]}}