{"id":25621,"date":"2025-08-13T20:14:07","date_gmt":"2025-08-13T20:14:07","guid":{"rendered":"https:\/\/www.ibermusicas.org\/?p=25621"},"modified":"2025-08-13T20:18:33","modified_gmt":"2025-08-13T20:18:33","slug":"se-desarrollara-en-santa-fe-argentina-la-academia-internacional-de-arpa-2025-con-invitados-de-mexico-brasil-y-paraguay","status":"publish","type":"post","link":"https:\/\/www.ibermusicas.org\/index.php\/se-desarrollara-en-santa-fe-argentina-la-academia-internacional-de-arpa-2025-con-invitados-de-mexico-brasil-y-paraguay\/","title":{"rendered":"Se desarrollar\u00e1 en Santa Fe, Argentina la Academia Internacional de Arpa 2025 con invitados de M\u00e9xico, Brasil y Paraguay"},"content":{"rendered":"\n<p>Con el objetivo de fomentar la expansi\u00f3n del instrumento en la regi\u00f3n y apoyar a las futuras generaciones del litoral argentino en su trayecto formativo como m\u00fasicos, la Asociaci\u00f3n Civil Amigos del Arpa ha buscado fortalecer el v\u00ednculo entre los arpistas para dar lugar a un espacio de encuentro colaborativo que promueva la valoraci\u00f3n de la m\u00fasica como herramienta de inclusi\u00f3n social y desarrollo comunitario. Desde esta perspectiva naci\u00f3 la Academia Internacional de Arpa de Argentina, una instancia educativa anual que conecta a los arpistas de distintas partes del mundo para compartir, escuchar y aprender m\u00fasica desde distintas perspectivas.<\/p>\n\n\n\n<p>Durante este encuentro, la Academia Internacional de Arpa ofrece especialmente a los estudiantes de la regi\u00f3n dedicar toda una semana a tomar clases magistrales, escuchar y tocar conciertos, participar en charlas y conferencias, con instrumentos de muy buena calidad y acompa\u00f1ados de distintos profesores internacionales para poder no s\u00f3lo profundizar su desempe\u00f1o como arpistas, sino tambi\u00e9n motivar su v\u00ednculo con la m\u00fasica, potenciar su creatividad y abrirse a la posibilidad de desafiarse y mejorar como m\u00fasicos profesionales.<\/p>\n\n\n\n<p>Dado que este a\u00f1o la Academia estar\u00e1 dedicada a Nicanor Zabaleta -arpista espa\u00f1ol que motiv\u00f3 el desarrollo y expansi\u00f3n del instrumento por Latinoam\u00e9rica-, ser\u00e1 provechosa la visita de la arpista brasile\u00f1a Cecilia Pacheco<s>,<\/s> junto al arpista y docente mexicano Emmanuel Padilla Holgu\u00edn y el music\u00f3logo Edmundo Camacho Jurado, ya que aportan en la actualidad un interesante trabajo investigativo no s\u00f3lo sobre Zabaleta, sino tambi\u00e9n sobre la m\u00fasica contempor\u00e1nea y latinoamericana en el arpa.<\/p>\n\n\n\n<p>Este encuentro es posible gracias a la ayuda otorgada por el Programa Iberm\u00fasicas en la l\u00ednea de \u201cAyuda a la programaci\u00f3n musical\u201d, convocatoria 2024.<\/p>\n\n\n\n<ul class=\"wp-block-list\">\n<li>Domingo 24 de agosto, 18h30: Concierto de apertura, Homenaje a Nicanor Zabaleta a cargo de Emmanuel Padilla Holgu\u00edn (M\u00e9xico) con\u00a0 comentarios del\u00a0 Dr. Edmundo Camacho Jurado (M\u00e9xico) en la Biblioteca G\u00e1lvez del Foro Universitario de la UNL, 9 de Julio 2154<\/li>\n\n\n\n<li>Lunes 25 de agosto, 10h: Clases Magistrales Prof. Marcela M\u00e9ndez (Argentina)<\/li>\n\n\n\n<li>Lunes 25 de agosto, 14h: Clases Magistrales Prof. Emmanuel Padilla Holgu\u00edn (M\u00e9xico)<\/li>\n\n\n\n<li>Lunes 25 de agosto, 16h30: Ponencia Nicanor Zabaleta su per\u00edodo pre Americano a cargo dek Dr.Edmundo Camacho Jurado (M\u00e9xico)<\/li>\n\n\n\n<li>Lunes 25 de agosto, 19h: Recital de la Prof. Cecilia Pachecho (Brasil)<\/li>\n\n\n\n<li>Martes 26 de agosto, 9h: Seminario de investigaci\u00f3n a cargo del Dr. Edmundo Camacho (M\u00e9xico)<\/li>\n\n\n\n<li>Martes 26 de agosto, 10h45: Clases Magistrales Prof. Marcela M\u00e9ndez (Argentina)<\/li>\n\n\n\n<li>Martes 26 de agosto, 14 h: Clases Magistrales Mtro. Emmanuel Padilla Holgu\u00edn (M\u00e9xico)<\/li>\n\n\n\n<li>Martes 26 de agosto, 16h30: Ponencia Nicanor Zabaleta en Argentina Prof. Marcela M\u00e9ndez (Argentina)<\/li>\n\n\n\n<li>Martes 26 de agosto, 19h: Recital a cargo de los arpistas Florencia Arizpe (Argentina) y Alexander David Da Silva (Paraguay)<\/li>\n\n\n\n<li>Mi\u00e9rcoles 27 de agosto, 10h: Clases Magistrales Mtro. Emmanuel Padilla Holgu\u00edn (M\u00e9xico)<\/li>\n\n\n\n<li>Mi\u00e9rcoles 27 de agosto, 14h: Charla sobre c\u00f3mo estudiar Mtra. Marcela M\u00e9ndez (Argentina)<\/li>\n\n\n\n<li>Mi\u00e9rcoles 27 de agosto, 14h30: Clases Magistrales Mtra. Marcela M\u00e9ndez (Argentina)<\/li>\n\n\n\n<li>Mi\u00e9rcoles 27 de agosto, 17h: Mesa de discusi\u00f3n \u00abSonidos con Historia: El Impacto de la Investigaci\u00f3n Musicol\u00f3gica en la Interpretaci\u00f3n Instrumental\u00bb con Mtro. Emmanuel Padilla Holgu\u00edn (M\u00e9xico), Prof. Cecilia Pachecho (Brasil), Mtra. Marcela M\u00e9ndez (Argentina). Moderador: Dr. Edmundo Camacho Jurado (M\u00e9xico)<\/li>\n\n\n\n<li>Jueves 28 de agosto, 9h30: Charla \u201cLos m\u00fasicos y la salud mental (burnout, manejo de estr\u00e9s y ansiedad)\u201d a cargo de la Prof. Cecilia Pachecho (Brasil)<\/li>\n\n\n\n<li>Jueves 28 de agosto, 10h45: Clases Magistrales Mtro. Emmanuel Padilla Holgu\u00edn (M\u00e9xico)<\/li>\n\n\n\n<li>Jueves 28 de agosto, 14 a 16.30\u00a0 Clases Magistrales Mtra. Marcela M\u00e9ndez (Argentina)<\/li>\n\n\n\n<li>Jueves 28 de agosto, 16h45: Ponencia \u201cNicanor Zabaleta en M\u00e9xico\u201d a\u00a0 cargo del Dr. Edmundo Camacho Jurado (M\u00e9xico)<\/li>\n\n\n\n<li>Jueves 28 de agosto, 19: Recital de alumnos santafesinos ganadores de concursos nacionales e internacionales<\/li>\n\n\n\n<li>Viernes 29 de agosto, 10h: Clases Magistrales Mtro. Emmanuel Padilla Holgu\u00edn (M\u00e9xico)<\/li>\n\n\n\n<li>Viernes 29 de agosto, 14h: Conclusiones sobre la trascendencia de la labor de Nicanor Zabaleta en Am\u00e9rica Latina, participan: Mtro. Emmanuel Padilla Holgu\u00edn (M\u00e9xico), Prof. Cecilia Pachecho (Brasil) , Mtra. Marcela M\u00e9ndez (Argentina), Dr. Edmundo Camacho Jurado (M\u00e9xico)<\/li>\n\n\n\n<li>Viernes 29 de agosto, 17.00 Concierto de cierre\u00a0<\/li>\n<\/ul>\n\n\n\n<p>Las actividades de la Academia tendr\u00e1n lugar en el Liceo Municipal \u201cAntonio Fuentes del Arco\u201d, 1 de enero s\/n, Santa Fe, Argentina<\/p>\n","protected":false},"excerpt":{"rendered":"<p>Con el objetivo de fomentar la expansi\u00f3n del instrumento en la regi\u00f3n y apoyar a las futuras generaciones del litoral argentino en su trayecto formativo como m\u00fasicos, la Asociaci\u00f3n Civil Amigos del Arpa ha buscado fortalecer el v\u00ednculo entre los arpistas para dar lugar a un espacio de encuentro colaborativo que promueva la valoraci\u00f3n de [&hellip;]<\/p>\n","protected":false},"author":7,"featured_media":25622,"comment_status":"closed","ping_status":"closed","sticky":false,"template":"","format":"standard","meta":{"_monsterinsights_skip_tracking":false,"_monsterinsights_sitenote_active":false,"_monsterinsights_sitenote_note":"","_monsterinsights_sitenote_category":0,"footnotes":""},"categories":[53],"tags":[],"class_list":["post-25621","post","type-post","status-publish","format-standard","has-post-thumbnail","hentry","category-noticias-generales"],"lang":"es","translations":{"es":25621},"pll_sync_post":[],"post_mailing_queue_ids":[],"_links":{"self":[{"href":"https:\/\/www.ibermusicas.org\/index.php\/wp-json\/wp\/v2\/posts\/25621","targetHints":{"allow":["GET"]}}],"collection":[{"href":"https:\/\/www.ibermusicas.org\/index.php\/wp-json\/wp\/v2\/posts"}],"about":[{"href":"https:\/\/www.ibermusicas.org\/index.php\/wp-json\/wp\/v2\/types\/post"}],"author":[{"embeddable":true,"href":"https:\/\/www.ibermusicas.org\/index.php\/wp-json\/wp\/v2\/users\/7"}],"replies":[{"embeddable":true,"href":"https:\/\/www.ibermusicas.org\/index.php\/wp-json\/wp\/v2\/comments?post=25621"}],"version-history":[{"count":0,"href":"https:\/\/www.ibermusicas.org\/index.php\/wp-json\/wp\/v2\/posts\/25621\/revisions"}],"wp:featuredmedia":[{"embeddable":true,"href":"https:\/\/www.ibermusicas.org\/index.php\/wp-json\/wp\/v2\/media\/25622"}],"wp:attachment":[{"href":"https:\/\/www.ibermusicas.org\/index.php\/wp-json\/wp\/v2\/media?parent=25621"}],"wp:term":[{"taxonomy":"category","embeddable":true,"href":"https:\/\/www.ibermusicas.org\/index.php\/wp-json\/wp\/v2\/categories?post=25621"},{"taxonomy":"post_tag","embeddable":true,"href":"https:\/\/www.ibermusicas.org\/index.php\/wp-json\/wp\/v2\/tags?post=25621"}],"curies":[{"name":"wp","href":"https:\/\/api.w.org\/{rel}","templated":true}]}}