{"id":25627,"date":"2025-08-14T14:08:09","date_gmt":"2025-08-14T14:08:09","guid":{"rendered":"https:\/\/www.ibermusicas.org\/?p=25627"},"modified":"2025-09-01T20:04:28","modified_gmt":"2025-09-01T20:04:28","slug":"el-programa-ibermusicas-invita-a-un-encuentro-abierto-con-su-unidad-tecnica-4","status":"publish","type":"post","link":"https:\/\/www.ibermusicas.org\/index.php\/el-programa-ibermusicas-invita-a-un-encuentro-abierto-con-su-unidad-tecnica-4\/","title":{"rendered":"El Programa Iberm\u00fasicas invita a un encuentro abierto con su Unidad T\u00e9cnica"},"content":{"rendered":"\n<p>Con el \u00e1nimo de democratizar a\u00fan m\u00e1s el acceso a nuestras convocatorias y a la vez sentirnos m\u00e1s cerca todav\u00eda de todo el sector musical iberoamericano, Iberm\u00fasicas propone un encuentro virtual con la Unidad T\u00e9cnica del Programa. Ser\u00e1 un encuentro destinado a todas y todas los participantes que quieran sumarse.<\/p>\n\n\n\n<p>En este encuentro se abordar\u00e1n aspectos pr\u00e1cticos sobre cada una de las catorce convocatorias 2025 para actividades 2026 y se compartir\u00e1n detalles y recomendaciones para ser aplicadas al momento de dise\u00f1ar y presentar los proyectos.<\/p>\n\n\n\n<p>lunes 1 de septiembre<\/p>\n\n\n\n<ul class=\"wp-block-list\">\n<li>\u00a09h C.RI, MEX, SAL<\/li>\n\n\n\n<li>10h COL, ECU, PAN, PER<\/li>\n\n\n\n<li>11h CHI, CUB, VEN<\/li>\n\n\n\n<li>12h ARG, PAR, URU<\/li>\n\n\n\n<li>17h ESP<\/li>\n<\/ul>\n\n\n\n<figure class=\"wp-block-embed\"><div class=\"wp-block-embed__wrapper\">\nhttps:\/\/us06web.zoom.us\/j\/85732498544\n<\/div><\/figure>\n\n\n\n<p><\/p>\n","protected":false},"excerpt":{"rendered":"<p>Con el \u00e1nimo de democratizar a\u00fan m\u00e1s el acceso a nuestras convocatorias y a la vez sentirnos m\u00e1s cerca todav\u00eda de todo el sector musical iberoamericano, Iberm\u00fasicas propone un encuentro virtual con la Unidad T\u00e9cnica del Programa. Ser\u00e1 un encuentro destinado a todas y todas los participantes que quieran sumarse. En este encuentro se abordar\u00e1n [&hellip;]<\/p>\n","protected":false},"author":7,"featured_media":25636,"comment_status":"closed","ping_status":"closed","sticky":false,"template":"","format":"standard","meta":{"_monsterinsights_skip_tracking":false,"_monsterinsights_sitenote_active":false,"_monsterinsights_sitenote_note":"","_monsterinsights_sitenote_category":0,"footnotes":""},"categories":[53],"tags":[],"class_list":["post-25627","post","type-post","status-publish","format-standard","has-post-thumbnail","hentry","category-noticias-generales"],"lang":"es","translations":{"es":25627},"pll_sync_post":[],"post_mailing_queue_ids":[],"_links":{"self":[{"href":"https:\/\/www.ibermusicas.org\/index.php\/wp-json\/wp\/v2\/posts\/25627","targetHints":{"allow":["GET"]}}],"collection":[{"href":"https:\/\/www.ibermusicas.org\/index.php\/wp-json\/wp\/v2\/posts"}],"about":[{"href":"https:\/\/www.ibermusicas.org\/index.php\/wp-json\/wp\/v2\/types\/post"}],"author":[{"embeddable":true,"href":"https:\/\/www.ibermusicas.org\/index.php\/wp-json\/wp\/v2\/users\/7"}],"replies":[{"embeddable":true,"href":"https:\/\/www.ibermusicas.org\/index.php\/wp-json\/wp\/v2\/comments?post=25627"}],"version-history":[{"count":1,"href":"https:\/\/www.ibermusicas.org\/index.php\/wp-json\/wp\/v2\/posts\/25627\/revisions"}],"predecessor-version":[{"id":26098,"href":"https:\/\/www.ibermusicas.org\/index.php\/wp-json\/wp\/v2\/posts\/25627\/revisions\/26098"}],"wp:featuredmedia":[{"embeddable":true,"href":"https:\/\/www.ibermusicas.org\/index.php\/wp-json\/wp\/v2\/media\/25636"}],"wp:attachment":[{"href":"https:\/\/www.ibermusicas.org\/index.php\/wp-json\/wp\/v2\/media?parent=25627"}],"wp:term":[{"taxonomy":"category","embeddable":true,"href":"https:\/\/www.ibermusicas.org\/index.php\/wp-json\/wp\/v2\/categories?post=25627"},{"taxonomy":"post_tag","embeddable":true,"href":"https:\/\/www.ibermusicas.org\/index.php\/wp-json\/wp\/v2\/tags?post=25627"}],"curies":[{"name":"wp","href":"https:\/\/api.w.org\/{rel}","templated":true}]}}