{"id":25641,"date":"2025-08-14T14:47:05","date_gmt":"2025-08-14T14:47:05","guid":{"rendered":"https:\/\/www.ibermusicas.org\/?p=25641"},"modified":"2025-08-28T12:36:10","modified_gmt":"2025-08-28T12:36:10","slug":"el-guitarrista-peruano-ricardo-villanueva-imafuku-participara-del-festival-internacional-de-violao-do-espirito-santo-brasil","status":"publish","type":"post","link":"https:\/\/www.ibermusicas.org\/index.php\/el-guitarrista-peruano-ricardo-villanueva-imafuku-participara-del-festival-internacional-de-violao-do-espirito-santo-brasil\/","title":{"rendered":"El guitarrista peruano Ricardo Villanueva Imafuku participar\u00e1 del Festival Internacional de Viol\u00e3o do Esp\u00edrito Santo, Brasil"},"content":{"rendered":"\n<p>La participaci\u00f3n de Ricardo Villanueva Imafuku en el \u201cFestival Internacional de Viol\u00e3o do Esp\u00edrito Santo como representante de Per\u00fa, interpretando repertorio de \u201cGuitarra Andina\u201d, constar\u00e1&nbsp; de un concierto de canciones tradicionales pertenecientes a las diferentes regiones andinas de Per\u00fa y de composiciones originales utilizando la est\u00e9tica y recursos t\u00e9cnicos de la Guitarra Andina. Tambi\u00e9n brindar\u00e1 una master class exponiendo los diferentes g\u00e9neros de la m\u00fasica andina peruana y sus formas de ejecuci\u00f3n en la guitarra.<\/p>\n\n\n\n<p>Ricardo Villanueva Imafuku (Lima, Per\u00fa 1981) es m\u00fasico, productor y gestor cultural. Estudi\u00f3 guitarra con los maestros Ra\u00fal Garc\u00eda Z\u00e1rate y Pepe Torres. Es director art\u00edstico del Festival Internacional de Guitarra Cuerdas al Aire. Fundador de la&nbsp; \u201cEspecialidad de Guitarra Andina y Criolla\u201d de la Universidad San Mart\u00edn de Porres. Se desempe\u00f1\u00f3&nbsp; como Vicepresidente de Investigaci\u00f3n en la Universidad Nacional Daniel Alom\u00eda Robles y como&nbsp; docente en la Escuela Nacional Superior de Folklore. Diplomado en musicolog\u00eda por el Conservatorio Nacional de M\u00fasica de Lima y la Real Academia de Bellas Artes de San Fernando en Espa\u00f1a. Es licenciado en sociolog\u00eda con maestr\u00eda en antropolog\u00eda por la Universidad Nacional Mayor de San&nbsp; Marcos. Ofreci\u00f3 conciertos y clases maestras en: Alemania, Espa\u00f1a, Francia, B\u00e9lgica, Argentina,&nbsp; Ecuador, M\u00e9xico, Colombia, Brasil, Chile, Nicaragua, Bolivia, Rep\u00fablica Dominicana, Uruguay y Per\u00fa. Ha publicado como solista los CD; \u201cChayraq\u201d (2008) y \u201cFiesta en los Andes\u201d (2013) y los libros: \u201cGuitarra Andina del Per\u00fa\u201d (2017) y \u201cGuitarra Wanka\u201d 2024.<\/p>\n\n\n\n<p>El Festival Internacional de Viol\u00e3o do Esp\u00edrito Santo es organizado por Acordes Centro de M\u00fasica e Artes con el apoyo del Gobierno del Estado de Esp\u00edritu Santo y el Ministerio de Cultura de Brasil.<\/p>\n\n\n\n<p>El proyecto de Ricardo Villanueva Imafuku fue premiado por Iberm\u00fasicas en la l\u00ednea de \u201cAyuda a la circulaci\u00f3n de profesionales de la m\u00fasica\u201d, convocatoria 2024.<\/p>\n\n\n\n<ul class=\"wp-block-list\">\n<li>26 de agosto, 19h: Concierto en Acordes,\u00a0 Centro de M\u00fasica e Artes, Vit\u00f3ria, Esp\u00edrito Santo, Brasil<\/li>\n\n\n\n<li>27 de agosto, 19h: Masterclass en Acordes, Centro de M\u00fasica e Artes, Vit\u00f3ria, Esp\u00edrito Santo, Brasil<\/li>\n\n\n\n<li>28 de agosto, 18h: Concierto en la Faculdade de M\u00fasica do ES (FAMES), Vit\u00f3ria, Esp\u00edrito Santo, Brasil<\/li>\n\n\n\n<li>29 de agosto, 10h: Masterclass en la Faculdade de M\u00fasica do ES (FAMES), Vit\u00f3ria, Esp\u00edrito Santo, Brasil<\/li>\n<\/ul>\n","protected":false},"excerpt":{"rendered":"<p>La participaci\u00f3n de Ricardo Villanueva Imafuku en el \u201cFestival Internacional de Viol\u00e3o do Esp\u00edrito Santo como representante de Per\u00fa, interpretando repertorio de \u201cGuitarra Andina\u201d, constar\u00e1&nbsp; de un concierto de canciones tradicionales pertenecientes a las diferentes regiones andinas de Per\u00fa y de composiciones originales utilizando la est\u00e9tica y recursos t\u00e9cnicos de la Guitarra Andina. Tambi\u00e9n brindar\u00e1 [&hellip;]<\/p>\n","protected":false},"author":7,"featured_media":25642,"comment_status":"closed","ping_status":"closed","sticky":false,"template":"","format":"standard","meta":{"_monsterinsights_skip_tracking":false,"_monsterinsights_sitenote_active":false,"_monsterinsights_sitenote_note":"","_monsterinsights_sitenote_category":0,"footnotes":""},"categories":[53],"tags":[],"class_list":["post-25641","post","type-post","status-publish","format-standard","has-post-thumbnail","hentry","category-noticias-generales"],"lang":"es","translations":{"es":25641},"pll_sync_post":[],"post_mailing_queue_ids":[],"_links":{"self":[{"href":"https:\/\/www.ibermusicas.org\/index.php\/wp-json\/wp\/v2\/posts\/25641","targetHints":{"allow":["GET"]}}],"collection":[{"href":"https:\/\/www.ibermusicas.org\/index.php\/wp-json\/wp\/v2\/posts"}],"about":[{"href":"https:\/\/www.ibermusicas.org\/index.php\/wp-json\/wp\/v2\/types\/post"}],"author":[{"embeddable":true,"href":"https:\/\/www.ibermusicas.org\/index.php\/wp-json\/wp\/v2\/users\/7"}],"replies":[{"embeddable":true,"href":"https:\/\/www.ibermusicas.org\/index.php\/wp-json\/wp\/v2\/comments?post=25641"}],"version-history":[{"count":1,"href":"https:\/\/www.ibermusicas.org\/index.php\/wp-json\/wp\/v2\/posts\/25641\/revisions"}],"predecessor-version":[{"id":25938,"href":"https:\/\/www.ibermusicas.org\/index.php\/wp-json\/wp\/v2\/posts\/25641\/revisions\/25938"}],"wp:featuredmedia":[{"embeddable":true,"href":"https:\/\/www.ibermusicas.org\/index.php\/wp-json\/wp\/v2\/media\/25642"}],"wp:attachment":[{"href":"https:\/\/www.ibermusicas.org\/index.php\/wp-json\/wp\/v2\/media?parent=25641"}],"wp:term":[{"taxonomy":"category","embeddable":true,"href":"https:\/\/www.ibermusicas.org\/index.php\/wp-json\/wp\/v2\/categories?post=25641"},{"taxonomy":"post_tag","embeddable":true,"href":"https:\/\/www.ibermusicas.org\/index.php\/wp-json\/wp\/v2\/tags?post=25641"}],"curies":[{"name":"wp","href":"https:\/\/api.w.org\/{rel}","templated":true}]}}