{"id":25653,"date":"2025-08-14T15:16:53","date_gmt":"2025-08-14T15:16:53","guid":{"rendered":"https:\/\/www.ibermusicas.org\/?p=25653"},"modified":"2025-08-14T15:16:55","modified_gmt":"2025-08-14T15:16:55","slug":"el-conjunto-angola-70-llega-a-brasil","status":"publish","type":"post","link":"https:\/\/www.ibermusicas.org\/index.php\/el-conjunto-angola-70-llega-a-brasil\/","title":{"rendered":"El Conjunto Angola 70 llega a Brasil"},"content":{"rendered":"\n<p>El Conjunto Angola 70, surgido en la d\u00e9cada de los a\u00f1os 60 en Luanda, desempe\u00f1\u00f3 un papel fundamental en la resistencia al colonialismo angole\u00f1o, convirti\u00e9ndose en un s\u00edmbolo de identidad nacional. El grupo es conocido por mezclar ritmos tradicionales angole\u00f1os, como el semba, el kilapanga, el kazukuta y el rebita, con influencias internacionales, como la rumba congole\u00f1a y el mambo. Este proyecto pretende destacar la importancia de estos ritmos en la formaci\u00f3n de la identidad musical de Angola y demostrar c\u00f3mo han inspirado y moldeado la m\u00fasica brasile\u00f1a a lo largo del tiempo.<\/p>\n\n\n\n<p>\u201cConjunto Angola 70 en Brasil: Una conexi\u00f3n musical\u201d tiene como objetivo principal promover el intercambio cultural entre Angola y Brasil. Adem\u00e1s de ofrecer espect\u00e1culos \u00fanicos al p\u00fablico, el proyecto busca valorizar la ancestralidad y reforzar la conexi\u00f3n hist\u00f3rica entre ambas naciones. A trav\u00e9s de la m\u00fasica, se pretende celebrar la influencia africana en la cultura brasile\u00f1a y poner de relieve los lazos que han unido a ambos pa\u00edses a lo largo de los siglos.<\/p>\n\n\n\n<p>Este encuentro musical no solo refuerza la valoraci\u00f3n de las ra\u00edces africanas, sino que tambi\u00e9n fomenta el intercambio de experiencias entre artistas y comunidades de ambos pa\u00edses, contribuyendo a la preservaci\u00f3n y difusi\u00f3n de las tradiciones culturales afrobrasile\u00f1as y angole\u00f1as.<\/p>\n\n\n\n<p>Conjunto Angola 70 en Brasil: Una conexi\u00f3n musical fue uno de los seis proyectos ganadores de la convocatoria \u201cViajes por la m\u00fasica en lengua portuguesa\u201d, a trav\u00e9s de la cual FUNARTE de Brasil, DGArtes de Portugal y la CPLP premiaron proyectos art\u00edsticos de los pa\u00edses PALOP + Timor Oriental para realizar giras y residencias art\u00edsticas en Brasil y Portugal.<\/p>\n\n\n\n<ul class=\"wp-block-list\">\n<li>30 y 31 de agosto, en el SESC Vila Mariana, S\u00e3o Paulo, Brasil<\/li>\n<\/ul>\n","protected":false},"excerpt":{"rendered":"<p>El Conjunto Angola 70, surgido en la d\u00e9cada de los a\u00f1os 60 en Luanda, desempe\u00f1\u00f3 un papel fundamental en la resistencia al colonialismo angole\u00f1o, convirti\u00e9ndose en un s\u00edmbolo de identidad nacional. El grupo es conocido por mezclar ritmos tradicionales angole\u00f1os, como el semba, el kilapanga, el kazukuta y el rebita, con influencias internacionales, como la [&hellip;]<\/p>\n","protected":false},"author":7,"featured_media":25654,"comment_status":"closed","ping_status":"closed","sticky":false,"template":"","format":"standard","meta":{"_monsterinsights_skip_tracking":false,"_monsterinsights_sitenote_active":false,"_monsterinsights_sitenote_note":"","_monsterinsights_sitenote_category":0,"footnotes":""},"categories":[53],"tags":[],"class_list":["post-25653","post","type-post","status-publish","format-standard","has-post-thumbnail","hentry","category-noticias-generales"],"lang":"es","translations":{"es":25653},"pll_sync_post":[],"post_mailing_queue_ids":[],"_links":{"self":[{"href":"https:\/\/www.ibermusicas.org\/index.php\/wp-json\/wp\/v2\/posts\/25653","targetHints":{"allow":["GET"]}}],"collection":[{"href":"https:\/\/www.ibermusicas.org\/index.php\/wp-json\/wp\/v2\/posts"}],"about":[{"href":"https:\/\/www.ibermusicas.org\/index.php\/wp-json\/wp\/v2\/types\/post"}],"author":[{"embeddable":true,"href":"https:\/\/www.ibermusicas.org\/index.php\/wp-json\/wp\/v2\/users\/7"}],"replies":[{"embeddable":true,"href":"https:\/\/www.ibermusicas.org\/index.php\/wp-json\/wp\/v2\/comments?post=25653"}],"version-history":[{"count":0,"href":"https:\/\/www.ibermusicas.org\/index.php\/wp-json\/wp\/v2\/posts\/25653\/revisions"}],"wp:featuredmedia":[{"embeddable":true,"href":"https:\/\/www.ibermusicas.org\/index.php\/wp-json\/wp\/v2\/media\/25654"}],"wp:attachment":[{"href":"https:\/\/www.ibermusicas.org\/index.php\/wp-json\/wp\/v2\/media?parent=25653"}],"wp:term":[{"taxonomy":"category","embeddable":true,"href":"https:\/\/www.ibermusicas.org\/index.php\/wp-json\/wp\/v2\/categories?post=25653"},{"taxonomy":"post_tag","embeddable":true,"href":"https:\/\/www.ibermusicas.org\/index.php\/wp-json\/wp\/v2\/tags?post=25653"}],"curies":[{"name":"wp","href":"https:\/\/api.w.org\/{rel}","templated":true}]}}