{"id":25659,"date":"2025-08-14T15:32:43","date_gmt":"2025-08-14T15:32:43","guid":{"rendered":"https:\/\/www.ibermusicas.org\/?p=25659"},"modified":"2025-08-28T12:35:59","modified_gmt":"2025-08-28T12:35:59","slug":"se-realiza-el-intercambio-entre-la-sinfonietta-academy-de-colombia-y-la-joven-orquesta-de-pamplona-espana","status":"publish","type":"post","link":"https:\/\/www.ibermusicas.org\/index.php\/se-realiza-el-intercambio-entre-la-sinfonietta-academy-de-colombia-y-la-joven-orquesta-de-pamplona-espana\/","title":{"rendered":"Se realiza el intercambio entre la Sinfonietta Academy de Colombia y la Joven Orquesta de Pamplona, Espa\u00f1a"},"content":{"rendered":"\n<p>El intercambio entre la Joven Orquesta de Pamplona y Sinfonietta Academy consiste en realizar dos proyectos sinf\u00f3nicos: uno en Colombia y otro en Espa\u00f1a, intercambiando&nbsp; los directores de cada orquesta y un grupo reducido de m\u00fasicos que viajar\u00e1n entre los dos pa\u00edses. En cada pa\u00eds se realizar\u00e1n dos conciertos con programas diferentes que incluyen obras de compositores tanto latinoamericanos como ib\u00e9ricos.<\/p>\n\n\n\n<p>Esta parte del proyecto es la referente a los conciertos en Espa\u00f1a a los que los m\u00fasicos de Sinfonietta Academy &#8211; Colombia y su director han sido invitados para colaborar con la Joven Orquesta de Pamplona.<\/p>\n\n\n\n<p>Los integrantes de la Joven Orquesta de Pamplona y Sinfonietta Academy convivir\u00e1n durante una semana en el Refugio Juvenil de Guetadar. Al final del encuentro se realizar\u00e1n dos conciertos en Sang\u00fcesa y en Aibar, realizando una convivencia total con el entorno rural.<\/p>\n\n\n\n<p>La Joven Orquesta de Pamplona, es una orquesta formada y autogestionada por j\u00f3venes int\u00e9rpretes de Navarra y alrededores. Su fundadora, Mirari Etxeberria, comenz\u00f3 este proyecto en 2017, con tan solo 20 a\u00f1os de edad, con el fin de introducirse en la direcci\u00f3n orquestal. En la actualidad, la orquesta ha crecido hasta llegar a tener m\u00e1s de 65 integrantes, alumnos de estudios musicales de alto nivel pertenecientes a diferentes especialidades como la interpretaci\u00f3n, la composici\u00f3n, la musicolog\u00eda y la pedagog\u00eda. Se trata de un proyecto que pretende acercar a los j\u00f3venes m\u00fasicos al mundo laboral, ya que una de las salidas profesionales m\u00e1s deseadas por \u00e9stos es formar parte de grandes orquestas.<\/p>\n\n\n\n<p>La Orquesta Sinfonietta es una orquesta de c\u00e1mara conformada por estudiantes de \u00faltimos semestres del conservatorio de m\u00fasica de la Universidad Nacional de Colombia, y cuenta con la direcci\u00f3n art\u00edstica de los maestros Guerassim Voronkov y \u00c1ngela Simbaqueba, y con los directores residentes Luis Felipe Calero P\u00e9rez y Jessica C\u00e1rdenas. Tiene por objeto generar un espacio acad\u00e9mico de formaci\u00f3n, investigaci\u00f3n, difusi\u00f3n y performance de la m\u00fasica sinf\u00f3nica en el pa\u00eds.<\/p>\n\n\n\n<p>Este proyecto ha sido premiado por el Programa Iberm\u00fasicas en la l\u00ednea de \u201cAyuda a instituciones para residencias\u201d, convocatoria 2024.<\/p>\n\n\n\n<ul class=\"wp-block-list\">\n<li>30 de agosto: Auditorio del Carmen, Zangoza, Navarra, Espa\u00f1a<\/li>\n\n\n\n<li>31 de agosto: Auditorio Alvaro Aldunate, Oibar, Navarra, Espa\u00f1a<\/li>\n<\/ul>\n","protected":false},"excerpt":{"rendered":"<p>El intercambio entre la Joven Orquesta de Pamplona y Sinfonietta Academy consiste en realizar dos proyectos sinf\u00f3nicos: uno en Colombia y otro en Espa\u00f1a, intercambiando&nbsp; los directores de cada orquesta y un grupo reducido de m\u00fasicos que viajar\u00e1n entre los dos pa\u00edses. En cada pa\u00eds se realizar\u00e1n dos conciertos con programas diferentes que incluyen obras [&hellip;]<\/p>\n","protected":false},"author":7,"featured_media":25660,"comment_status":"closed","ping_status":"closed","sticky":false,"template":"","format":"standard","meta":{"_monsterinsights_skip_tracking":false,"_monsterinsights_sitenote_active":false,"_monsterinsights_sitenote_note":"","_monsterinsights_sitenote_category":0,"footnotes":""},"categories":[53],"tags":[],"class_list":["post-25659","post","type-post","status-publish","format-standard","has-post-thumbnail","hentry","category-noticias-generales"],"lang":"es","translations":{"es":25659},"pll_sync_post":[],"post_mailing_queue_ids":[],"_links":{"self":[{"href":"https:\/\/www.ibermusicas.org\/index.php\/wp-json\/wp\/v2\/posts\/25659","targetHints":{"allow":["GET"]}}],"collection":[{"href":"https:\/\/www.ibermusicas.org\/index.php\/wp-json\/wp\/v2\/posts"}],"about":[{"href":"https:\/\/www.ibermusicas.org\/index.php\/wp-json\/wp\/v2\/types\/post"}],"author":[{"embeddable":true,"href":"https:\/\/www.ibermusicas.org\/index.php\/wp-json\/wp\/v2\/users\/7"}],"replies":[{"embeddable":true,"href":"https:\/\/www.ibermusicas.org\/index.php\/wp-json\/wp\/v2\/comments?post=25659"}],"version-history":[{"count":1,"href":"https:\/\/www.ibermusicas.org\/index.php\/wp-json\/wp\/v2\/posts\/25659\/revisions"}],"predecessor-version":[{"id":25937,"href":"https:\/\/www.ibermusicas.org\/index.php\/wp-json\/wp\/v2\/posts\/25659\/revisions\/25937"}],"wp:featuredmedia":[{"embeddable":true,"href":"https:\/\/www.ibermusicas.org\/index.php\/wp-json\/wp\/v2\/media\/25660"}],"wp:attachment":[{"href":"https:\/\/www.ibermusicas.org\/index.php\/wp-json\/wp\/v2\/media?parent=25659"}],"wp:term":[{"taxonomy":"category","embeddable":true,"href":"https:\/\/www.ibermusicas.org\/index.php\/wp-json\/wp\/v2\/categories?post=25659"},{"taxonomy":"post_tag","embeddable":true,"href":"https:\/\/www.ibermusicas.org\/index.php\/wp-json\/wp\/v2\/tags?post=25659"}],"curies":[{"name":"wp","href":"https:\/\/api.w.org\/{rel}","templated":true}]}}