{"id":25664,"date":"2025-08-14T15:53:14","date_gmt":"2025-08-14T15:53:14","guid":{"rendered":"https:\/\/www.ibermusicas.org\/?p=25664"},"modified":"2025-08-28T12:35:52","modified_gmt":"2025-08-28T12:35:52","slug":"el-clarinetista-costarricense-adrian-sandi-especialista-en-musica-contemporanea-inicia-su-proyecto-nueva-musica-latinoamericana-para-clarinete-bajo","status":"publish","type":"post","link":"https:\/\/www.ibermusicas.org\/index.php\/el-clarinetista-costarricense-adrian-sandi-especialista-en-musica-contemporanea-inicia-su-proyecto-nueva-musica-latinoamericana-para-clarinete-bajo\/","title":{"rendered":"El clarinetista Costarricense Adri\u00e1n Sandi, especialista en m\u00fasica contempor\u00e1nea, inicia su proyecto \u201cNueva m\u00fasica latinoamericana para clarinete bajo\u201d"},"content":{"rendered":"\n<p>El proyecto incluye la comisi\u00f3n, colaboraci\u00f3n, preparaci\u00f3n, grabaci\u00f3n y difusi\u00f3n de siete nuevas obras compuestas por destacados compositores costarricenses como Alejandro Cardona, Carlos Castro y Carlos Escalante Macaya, la compositora nicarag\u00fcense Ana Ver\u00f3nica S\u00e1nchez y de los compositores chilenos Miguel Far\u00edas y Rodrigo C\u00e1diz. Se trata de comisiones espec\u00edficas para clarinete bajo y dedicadas al clarinetista Adri\u00e1n Sand\u00ed.<\/p>\n\n\n\n<p>El clarinetista costarricense Adri\u00e1n Sand\u00ed comenz\u00f3 sus estudios musicales en el Instituto Nacional de M\u00fasica en 1997. Obtuvo su licenciatura con altos honores de Virginia Commonwealth University; maestr\u00eda con distinci\u00f3n de DePaul University; doctorado en Artes Musicales de Eastman School of Music. Sus profesores fueron Ken Grant, Jon Manasse, Larry Combs, Julie DeRoche, Dr. Charles West, y Jos\u00e9 Manuel Ugalde.<\/p>\n\n\n\n<p>Actualmente se desarrolla como un artista independiente en San Jos\u00e9, Costa Rica. Aclamado por el peri\u00f3dico The New York Times como \u201cun solista brillantemente genial pero sensible\u201d, Adri\u00e1n se encuentra activo dando numerosos recitales de m\u00fasica de c\u00e1mara y conciertos en diferentes ciudades en Costa Rica, Panam\u00e1, EEUU, Canad\u00e1, China, B\u00e9lgica, M\u00e9xico, Guatemala, Alemania, Inglaterra, Irlanda, M\u00e9xico,&nbsp; Austria y Chile.<\/p>\n\n\n\n<p>Es un m\u00fasico dedicado a promover la m\u00fasica contempor\u00e1nea. Actualmente es miembro del Ensemble Signal, Loadbang, fundador de Ensamble ECO y se ha presentado con grupos como New York New Music Ensemble, Periapsis Music &amp; Dance, Mimesis Ensemble, SEM Ensemble. Ha participado en giras internacionales con Bang on a Can All-Stars. Regularmente interpreta obras de compositores contempor\u00e1neos, muchos de ellos de proyecci\u00f3n actual y junto a los cuales ha colaborado profesionalmente como Steve Reich, David Lang, Oliver Knussen, Tristan Murail, Charles Wourinen, Hilda Paredes, Carlos Castro, Anna Clyne, David Felder y John Zorn.<\/p>\n\n\n\n<p>El proceso de grabaci\u00f3n se realizar\u00e1 en el estudio Faro Azul (San Jos\u00e9, Costa Rica) y la presentaci\u00f3n ser\u00e1 un concierto en la Universidad de Costa Rica.<\/p>\n\n\n\n<p>Este proyecto de Adri\u00e1n Sand\u00ed, fue premiado por Iberm\u00fasicas en la convocatoria 2024, en la l\u00ednea de \u201cAyuda a Proyectos Virtuales\u201d.<\/p>\n","protected":false},"excerpt":{"rendered":"<p>El proyecto incluye la comisi\u00f3n, colaboraci\u00f3n, preparaci\u00f3n, grabaci\u00f3n y difusi\u00f3n de siete nuevas obras compuestas por destacados compositores costarricenses como Alejandro Cardona, Carlos Castro y Carlos Escalante Macaya, la compositora nicarag\u00fcense Ana Ver\u00f3nica S\u00e1nchez y de los compositores chilenos Miguel Far\u00edas y Rodrigo C\u00e1diz. Se trata de comisiones espec\u00edficas para clarinete bajo y dedicadas al [&hellip;]<\/p>\n","protected":false},"author":7,"featured_media":25665,"comment_status":"closed","ping_status":"closed","sticky":false,"template":"","format":"standard","meta":{"_monsterinsights_skip_tracking":false,"_monsterinsights_sitenote_active":false,"_monsterinsights_sitenote_note":"","_monsterinsights_sitenote_category":0,"footnotes":""},"categories":[53],"tags":[],"class_list":["post-25664","post","type-post","status-publish","format-standard","has-post-thumbnail","hentry","category-noticias-generales"],"lang":"es","translations":{"es":25664},"pll_sync_post":[],"post_mailing_queue_ids":[],"_links":{"self":[{"href":"https:\/\/www.ibermusicas.org\/index.php\/wp-json\/wp\/v2\/posts\/25664","targetHints":{"allow":["GET"]}}],"collection":[{"href":"https:\/\/www.ibermusicas.org\/index.php\/wp-json\/wp\/v2\/posts"}],"about":[{"href":"https:\/\/www.ibermusicas.org\/index.php\/wp-json\/wp\/v2\/types\/post"}],"author":[{"embeddable":true,"href":"https:\/\/www.ibermusicas.org\/index.php\/wp-json\/wp\/v2\/users\/7"}],"replies":[{"embeddable":true,"href":"https:\/\/www.ibermusicas.org\/index.php\/wp-json\/wp\/v2\/comments?post=25664"}],"version-history":[{"count":1,"href":"https:\/\/www.ibermusicas.org\/index.php\/wp-json\/wp\/v2\/posts\/25664\/revisions"}],"predecessor-version":[{"id":25936,"href":"https:\/\/www.ibermusicas.org\/index.php\/wp-json\/wp\/v2\/posts\/25664\/revisions\/25936"}],"wp:featuredmedia":[{"embeddable":true,"href":"https:\/\/www.ibermusicas.org\/index.php\/wp-json\/wp\/v2\/media\/25665"}],"wp:attachment":[{"href":"https:\/\/www.ibermusicas.org\/index.php\/wp-json\/wp\/v2\/media?parent=25664"}],"wp:term":[{"taxonomy":"category","embeddable":true,"href":"https:\/\/www.ibermusicas.org\/index.php\/wp-json\/wp\/v2\/categories?post=25664"},{"taxonomy":"post_tag","embeddable":true,"href":"https:\/\/www.ibermusicas.org\/index.php\/wp-json\/wp\/v2\/tags?post=25664"}],"curies":[{"name":"wp","href":"https:\/\/api.w.org\/{rel}","templated":true}]}}