{"id":25669,"date":"2025-08-14T16:06:39","date_gmt":"2025-08-14T16:06:39","guid":{"rendered":"https:\/\/www.ibermusicas.org\/?p=25669"},"modified":"2025-08-14T16:07:48","modified_gmt":"2025-08-14T16:07:48","slug":"el-duo-uirapuru-integrado-por-la-soprano-colombiana-julieth-lozano-rolong-y-el-pianista-portugues-joao-araujo-lanza-su-album-alma-por-el-prestigioso-sello-somm-recordin","status":"publish","type":"post","link":"https:\/\/www.ibermusicas.org\/index.php\/el-duo-uirapuru-integrado-por-la-soprano-colombiana-julieth-lozano-rolong-y-el-pianista-portugues-joao-araujo-lanza-su-album-alma-por-el-prestigioso-sello-somm-recordin\/","title":{"rendered":"El D\u00fao Uirapuru, integrado por la soprano colombiana\u00a0 Julieth Lozano Rolong y el pianista portugu\u00e9s Jo\u00e3o Ara\u00fajo,\u00a0 lanza su \u00e1lbum \u201cAlma\u201d por el prestigioso sello SOMM Recordings"},"content":{"rendered":"\n<p>Este \u00e1lbum de la soprano Julieth Lozano Rolong y el pianista Jo\u00e3o Ara\u00fajo recorre siete pa\u00edses conectados por las lenguas ib\u00e9ricas. Con su cuidada selecci\u00f3n y su amplitud estil\u00edstica, \u201cAlma\u201d es un retrato musical de un continente.<\/p>\n\n\n\n<p>El \u00e1lbum re\u00fane obras de Argentina (Carlos Guastavino y Gilardo Gilardi), M\u00e9xico (Mar\u00eda Grever), Brasil (Waldemar Henrique, Jayme Ovalle y Ernani Braga), Espa\u00f1a (Mar\u00eda de Pablos, Ernesto Halffter, Federico Garc\u00eda Lorca, Fernado Obradors y Joaqu\u00edn Valverde Sanju\u00e1n), Venezuela (Modesta Bor), Colombia (Luis Carlos Figueroa, Jaime Le\u00f3n Ferro y Pedro Morales) y de Portugal (Luiz Costa y Ant\u00f3nio Fragoso). <\/p>\n\n\n\n<p>Este trabajo de Julieth Lozano Rolong y Jo\u00e3o Ara\u00fajo, que ya ha recibido muy buenas cr\u00edticas por parte de la prensa especializada, cont\u00f3 con el apoyo del Programa Iberm\u00fasicas mediante su l\u00ednea de Ayuda a proyectos virtuales.<\/p>\n","protected":false},"excerpt":{"rendered":"<p>Este \u00e1lbum de la soprano Julieth Lozano Rolong y el pianista Jo\u00e3o Ara\u00fajo recorre siete pa\u00edses conectados por las lenguas ib\u00e9ricas. Con su cuidada selecci\u00f3n y su amplitud estil\u00edstica, \u201cAlma\u201d es un retrato musical de un continente. El \u00e1lbum re\u00fane obras de Argentina (Carlos Guastavino y Gilardo Gilardi), M\u00e9xico (Mar\u00eda Grever), Brasil (Waldemar Henrique, Jayme [&hellip;]<\/p>\n","protected":false},"author":7,"featured_media":25670,"comment_status":"closed","ping_status":"closed","sticky":false,"template":"","format":"standard","meta":{"_monsterinsights_skip_tracking":false,"_monsterinsights_sitenote_active":false,"_monsterinsights_sitenote_note":"","_monsterinsights_sitenote_category":0,"footnotes":""},"categories":[53],"tags":[],"class_list":["post-25669","post","type-post","status-publish","format-standard","has-post-thumbnail","hentry","category-noticias-generales"],"lang":"es","translations":{"es":25669},"pll_sync_post":[],"post_mailing_queue_ids":[],"_links":{"self":[{"href":"https:\/\/www.ibermusicas.org\/index.php\/wp-json\/wp\/v2\/posts\/25669","targetHints":{"allow":["GET"]}}],"collection":[{"href":"https:\/\/www.ibermusicas.org\/index.php\/wp-json\/wp\/v2\/posts"}],"about":[{"href":"https:\/\/www.ibermusicas.org\/index.php\/wp-json\/wp\/v2\/types\/post"}],"author":[{"embeddable":true,"href":"https:\/\/www.ibermusicas.org\/index.php\/wp-json\/wp\/v2\/users\/7"}],"replies":[{"embeddable":true,"href":"https:\/\/www.ibermusicas.org\/index.php\/wp-json\/wp\/v2\/comments?post=25669"}],"version-history":[{"count":0,"href":"https:\/\/www.ibermusicas.org\/index.php\/wp-json\/wp\/v2\/posts\/25669\/revisions"}],"wp:featuredmedia":[{"embeddable":true,"href":"https:\/\/www.ibermusicas.org\/index.php\/wp-json\/wp\/v2\/media\/25670"}],"wp:attachment":[{"href":"https:\/\/www.ibermusicas.org\/index.php\/wp-json\/wp\/v2\/media?parent=25669"}],"wp:term":[{"taxonomy":"category","embeddable":true,"href":"https:\/\/www.ibermusicas.org\/index.php\/wp-json\/wp\/v2\/categories?post=25669"},{"taxonomy":"post_tag","embeddable":true,"href":"https:\/\/www.ibermusicas.org\/index.php\/wp-json\/wp\/v2\/tags?post=25669"}],"curies":[{"name":"wp","href":"https:\/\/api.w.org\/{rel}","templated":true}]}}