{"id":25923,"date":"2025-08-28T11:18:28","date_gmt":"2025-08-28T11:18:28","guid":{"rendered":"https:\/\/www.ibermusicas.org\/?p=25923"},"modified":"2025-08-28T11:18:30","modified_gmt":"2025-08-28T11:18:30","slug":"quedan-pocos-dias-para-el-cierre-de-la-convocatoria-especial-ibermusicas-mid-atlantic-arts","status":"publish","type":"post","link":"https:\/\/www.ibermusicas.org\/index.php\/quedan-pocos-dias-para-el-cierre-de-la-convocatoria-especial-ibermusicas-mid-atlantic-arts\/","title":{"rendered":"Quedan pocos d\u00edas para el cierre de la Convocatoria especial Iberm\u00fasicas \u2013 Mid Atlantic Arts"},"content":{"rendered":"\n<p>El d\u00eda lunes 15 de septiembre cerrar\u00e1 el per\u00edodo de presentaci\u00f3n de propuestas para la Convocatoria Especial Iberm\u00fasicas \u2013 Mid Atlantic Arts 2025.<\/p>\n\n\n\n<p>Esta convocatoria en colaboraci\u00f3n entre Iberm\u00fasicas y Mid Atlantic Arts busca promover la circulaci\u00f3n de artistas de Iberoam\u00e9rica en Estados Unidos. Conscientes de la incidencia que conlleva el costo y la tramitaci\u00f3n de las visas de trabajo en los proyectos que promueven la circulaci\u00f3n de artistas en Estados Unidos, Iberm\u00fasicas se aboca en esta convocatoria a prestar asistencia espec\u00edficamente en este rubro. A su vez, Mid Atlantic Arts apoyar\u00e1 a los proyectos seleccionados a trav\u00e9s de la ayuda financiera a las instituciones anfitrionas de los conciertos para la gesti\u00f3n de los contratos art\u00edsticos.<\/p>\n\n\n\n<p>El resto de las convocatorias permanecer\u00e1n abiertas hasta el mi\u00e9rcoles 1ero de octubre.<\/p>\n","protected":false},"excerpt":{"rendered":"<p>El d\u00eda lunes 15 de septiembre cerrar\u00e1 el per\u00edodo de presentaci\u00f3n de propuestas para la Convocatoria Especial Iberm\u00fasicas \u2013 Mid Atlantic Arts 2025. Esta convocatoria en colaboraci\u00f3n entre Iberm\u00fasicas y Mid Atlantic Arts busca promover la circulaci\u00f3n de artistas de Iberoam\u00e9rica en Estados Unidos. Conscientes de la incidencia que conlleva el costo y la tramitaci\u00f3n [&hellip;]<\/p>\n","protected":false},"author":7,"featured_media":25924,"comment_status":"closed","ping_status":"closed","sticky":false,"template":"","format":"standard","meta":{"_monsterinsights_skip_tracking":false,"_monsterinsights_sitenote_active":false,"_monsterinsights_sitenote_note":"","_monsterinsights_sitenote_category":0,"footnotes":""},"categories":[53],"tags":[],"class_list":["post-25923","post","type-post","status-publish","format-standard","has-post-thumbnail","hentry","category-noticias-generales"],"lang":"es","translations":{"es":25923},"pll_sync_post":[],"post_mailing_queue_ids":[],"_links":{"self":[{"href":"https:\/\/www.ibermusicas.org\/index.php\/wp-json\/wp\/v2\/posts\/25923","targetHints":{"allow":["GET"]}}],"collection":[{"href":"https:\/\/www.ibermusicas.org\/index.php\/wp-json\/wp\/v2\/posts"}],"about":[{"href":"https:\/\/www.ibermusicas.org\/index.php\/wp-json\/wp\/v2\/types\/post"}],"author":[{"embeddable":true,"href":"https:\/\/www.ibermusicas.org\/index.php\/wp-json\/wp\/v2\/users\/7"}],"replies":[{"embeddable":true,"href":"https:\/\/www.ibermusicas.org\/index.php\/wp-json\/wp\/v2\/comments?post=25923"}],"version-history":[{"count":1,"href":"https:\/\/www.ibermusicas.org\/index.php\/wp-json\/wp\/v2\/posts\/25923\/revisions"}],"predecessor-version":[{"id":25925,"href":"https:\/\/www.ibermusicas.org\/index.php\/wp-json\/wp\/v2\/posts\/25923\/revisions\/25925"}],"wp:featuredmedia":[{"embeddable":true,"href":"https:\/\/www.ibermusicas.org\/index.php\/wp-json\/wp\/v2\/media\/25924"}],"wp:attachment":[{"href":"https:\/\/www.ibermusicas.org\/index.php\/wp-json\/wp\/v2\/media?parent=25923"}],"wp:term":[{"taxonomy":"category","embeddable":true,"href":"https:\/\/www.ibermusicas.org\/index.php\/wp-json\/wp\/v2\/categories?post=25923"},{"taxonomy":"post_tag","embeddable":true,"href":"https:\/\/www.ibermusicas.org\/index.php\/wp-json\/wp\/v2\/tags?post=25923"}],"curies":[{"name":"wp","href":"https:\/\/api.w.org\/{rel}","templated":true}]}}