{"id":25930,"date":"2025-08-28T12:18:33","date_gmt":"2025-08-28T12:18:33","guid":{"rendered":"https:\/\/www.ibermusicas.org\/?p=25930"},"modified":"2025-09-29T16:55:13","modified_gmt":"2025-09-29T16:55:13","slug":"hoy-recomendamos-la-playlist-chile-de-raiz-creada-por-pascuala-ilabaca-para-identidades-sonoras-ii","status":"publish","type":"post","link":"https:\/\/www.ibermusicas.org\/index.php\/hoy-recomendamos-la-playlist-chile-de-raiz-creada-por-pascuala-ilabaca-para-identidades-sonoras-ii\/","title":{"rendered":"Hoy recomendamos la playlist \u00abChile de Ra\u00edz\u00bb creada por Pascuala Ilabaca para Identidades Sonoras II"},"content":{"rendered":"\n<p><em>Cuando miro el mapa sudamericano veo un gran jarr\u00f3n quebrado; en \u00e9l puedo ver hermosos dise\u00f1os que resisten a los zurcos. As\u00ed es como Chile hace parte de un dise\u00f1o mayor; el mundo andino y mapuche como tambi\u00e9n a las nuevas culturas migrantes y emergentes. Descubre la nueva m\u00fasica chilena de ra\u00edz.<\/em><em><\/em><\/p>\n\n\n\n<p>Pascuala Ilabaca es una de las artistas m\u00e1s destacadas en la nueva escena de cantautoras latinoamericanas. Su m\u00fasica est\u00e1 arraigada en los sonidos tradicionales, pero integra sin esfuerzo aires de jazz, pop y rock e influencias reunidas en lugares tan distantes como India o M\u00e9xico. Acompa\u00f1ada por su formidable banda Fauna, su presencia esc\u00e9nica \u00fanica evoca dulzura y empoderamiento al mismo tiempo, dando vida a sus canciones con fragilidad y br\u00edo. Ha hecho varias colaboraciones con artistas como Lila Downs (M\u00e9xico), Susana Vaca (Per\u00fa), Soledad Pastorutti (Argentina), La Otra (Espa\u00f1a) y con Mon Laferte. Desde 2011 ha realizado m\u00e1s de 1.000 conciertos en Chile, Latinoam\u00e9rica, Estados Unidos, Canad\u00e1 y Europa; algunos importantes fueron: Womad (UK y CL), Etnosur (ES) , Lollapalooza (CL), San Francisco Jazz (USA), Filarm\u00f3nica de Berl\u00edn (AL), Festival de Jazz de Montreal (CAN), Selv\u00e1monos (Per\u00fa), La Mar de M\u00fasicas (ES), entre otros. Pascuala Ilabaca es portavoz de la tercera ola del feminismo chileno. Muchas de sus canciones captan la experiencia y la lucha femenina. Tambi\u00e9n se ha volcado con la pluralidad de pueblos que conforman Chile. Ha luchado por los derechos de los pueblos ind\u00edgenas y por preservar sus idiomas, incluyendo quechua y mapudungun en sus canciones.<\/p>\n\n\n\n<p>Con Identidades Sonoras, Iberm\u00fasicas abre un nuevo di\u00e1logo en el mundo del streaming involucr\u00e1ndose en la conversaci\u00f3n sonora mundial y generando un espacio con propuestas de escuchas no-hegem\u00f3nicas que inviten a recorrer nuevos caminos. Las distintas expresiones musicales que hacen a los paisajes sonoros de la regi\u00f3n se encuentran aqu\u00ed en Identidades Sonoras.<\/p>\n\n\n\n<p>Para esta segunda edici\u00f3n han sido convocadas y convocados m\u00fasicas y m\u00fasicos que han recibido premios de Iberm\u00fasicas en recientes ediciones de nuestros concursos y l\u00edneas de ayuda.<\/p>\n\n\n\n<p>La invitaci\u00f3n consisti\u00f3 en que cada una y cada uno propusiera una lista de 50 canciones de artistas musicales de su propio pa\u00eds en torno al concepto de \u00abFronteras\u00bb,abordando esta noci\u00f3n desde una multiplicidad de perspectivas (fronteras geogr\u00e0ficas, culturales, simb\u00f3licas, delimitaciones posibles o imaginadas o invisibilizadas).<\/p>\n\n\n\n<p>Escuchar en: <a href=\"https:\/\/open.spotify.com\/playlist\/3QsM26YBPz9JxnrcrkMwpR?si=8f6a2ae7c7674820\">https:\/\/open.spotify.com\/playlist\/3QsM26YBPz9JxnrcrkMwpR?si=8f6a2ae7c7674820<\/a><\/p>\n","protected":false},"excerpt":{"rendered":"<p>Cuando miro el mapa sudamericano veo un gran jarr\u00f3n quebrado; en \u00e9l puedo ver hermosos dise\u00f1os que resisten a los zurcos. As\u00ed es como Chile hace parte de un dise\u00f1o mayor; el mundo andino y mapuche como tambi\u00e9n a las nuevas culturas migrantes y emergentes. Descubre la nueva m\u00fasica chilena de ra\u00edz. Pascuala Ilabaca es [&hellip;]<\/p>\n","protected":false},"author":7,"featured_media":25931,"comment_status":"closed","ping_status":"closed","sticky":false,"template":"","format":"standard","meta":{"_monsterinsights_skip_tracking":false,"_monsterinsights_sitenote_active":false,"_monsterinsights_sitenote_note":"","_monsterinsights_sitenote_category":0,"footnotes":""},"categories":[53],"tags":[],"class_list":["post-25930","post","type-post","status-publish","format-standard","has-post-thumbnail","hentry","category-noticias-generales"],"lang":"es","translations":{"es":25930},"pll_sync_post":[],"post_mailing_queue_ids":[],"_links":{"self":[{"href":"https:\/\/www.ibermusicas.org\/index.php\/wp-json\/wp\/v2\/posts\/25930","targetHints":{"allow":["GET"]}}],"collection":[{"href":"https:\/\/www.ibermusicas.org\/index.php\/wp-json\/wp\/v2\/posts"}],"about":[{"href":"https:\/\/www.ibermusicas.org\/index.php\/wp-json\/wp\/v2\/types\/post"}],"author":[{"embeddable":true,"href":"https:\/\/www.ibermusicas.org\/index.php\/wp-json\/wp\/v2\/users\/7"}],"replies":[{"embeddable":true,"href":"https:\/\/www.ibermusicas.org\/index.php\/wp-json\/wp\/v2\/comments?post=25930"}],"version-history":[{"count":1,"href":"https:\/\/www.ibermusicas.org\/index.php\/wp-json\/wp\/v2\/posts\/25930\/revisions"}],"predecessor-version":[{"id":25932,"href":"https:\/\/www.ibermusicas.org\/index.php\/wp-json\/wp\/v2\/posts\/25930\/revisions\/25932"}],"wp:featuredmedia":[{"embeddable":true,"href":"https:\/\/www.ibermusicas.org\/index.php\/wp-json\/wp\/v2\/media\/25931"}],"wp:attachment":[{"href":"https:\/\/www.ibermusicas.org\/index.php\/wp-json\/wp\/v2\/media?parent=25930"}],"wp:term":[{"taxonomy":"category","embeddable":true,"href":"https:\/\/www.ibermusicas.org\/index.php\/wp-json\/wp\/v2\/categories?post=25930"},{"taxonomy":"post_tag","embeddable":true,"href":"https:\/\/www.ibermusicas.org\/index.php\/wp-json\/wp\/v2\/tags?post=25930"}],"curies":[{"name":"wp","href":"https:\/\/api.w.org\/{rel}","templated":true}]}}