{"id":25959,"date":"2025-08-28T12:46:03","date_gmt":"2025-08-28T12:46:03","guid":{"rendered":"https:\/\/www.ibermusicas.org\/?p=25959"},"modified":"2025-08-28T12:46:05","modified_gmt":"2025-08-28T12:46:05","slug":"la-gran-maestra-nidia-gongora-guardiana-de-la-tradicion-del-pacifico-sur-colombiano-realiza-una-amplia-gira-por-los-estados-unidos","status":"publish","type":"post","link":"https:\/\/www.ibermusicas.org\/index.php\/la-gran-maestra-nidia-gongora-guardiana-de-la-tradicion-del-pacifico-sur-colombiano-realiza-una-amplia-gira-por-los-estados-unidos\/","title":{"rendered":"La gran maestra Nidia G\u00f3ngora, guardiana de la tradici\u00f3n del pac\u00edfico sur colombiano, realiza una amplia gira por los Estados Unidos"},"content":{"rendered":"\n<p>La Maestra Nidia G\u00f3ngora, es la cantora con mayor reconocimiento y una referente de la m\u00fasica del Pac\u00edfico colombiano. A lo largo de sus m\u00e1s de 25 a\u00f1os de experiencia como compositora e int\u00e9rprete, la Maestra Nidia ha logrado tender puentes entre la m\u00fasica tradicional de su natal Timbiqu\u00ed (Cauca) y otros g\u00e9neros de m\u00fasicas del mundo.<\/p>\n\n\n\n<p>Es la gran portadora de la tradici\u00f3n innata heredada de sus viejos, su madre la matrona Libia Oliva Bonilla, su profesora Elizabeth Sinisterra, su padre Isaac G\u00f3ngora y los cantores y cantoras referentes de su comunidad.<\/p>\n\n\n\n<p>Directora, fundadora y voz l\u00edder de la agrupaci\u00f3n musical Canal\u00f3n de Timbiqu\u00ed, quienes han sido ganadores en numerosas ocasiones del Festival de M\u00fasica del Pac\u00edfico \u201cPetronio \u00c1lvarez, inmortalizando su voz en himnos del Pac\u00edfico colombiano. Su versatilidad la ha posicionado como un referente tanto en comunidades de m\u00fasicos tradicionales como en la escena afrolatina, llev\u00e1ndola a presentarse en m\u00faltiples escenarios internacionales en Europa, Asia y Estados Unidos. Reciente recibi\u00f3 reconocimiento como una de los 100 nuevos l\u00edderes de Colombia por parte del Grupo Prisa y Caracol Radio.<\/p>\n\n\n\n<p>En el a\u00f1o 2023, el Ministerio de Ambiente de Colombia y Parques Nacionales de Colombia bautizaron una especie de orqu\u00eddea descubierta en los Farallones de Cali con el nombre de Lepanthes nidiagongorana, en honor a esta mujer que ha dedicado su vida por la salvaguarda de y promoci\u00f3n de los cantos tradicionales del Pac\u00edfico.<\/p>\n\n\n\n<p>Es licenciada en Educaci\u00f3n para la Primera Infancia, cantora e investigadora de la m\u00fasica tradicional del Pac\u00edfico sur colombiano. Desde hace 12 a\u00f1os adelanta una labor permanente de formaci\u00f3n musical con ni\u00f1os y ni\u00f1as en contextos escolares y comunitarios en \u00e1reas rurales y urbanas del Cauca y Valle del Cauca a trav\u00e9s de la Fundaci\u00f3n Escuela Canal\u00f3n, un proyecto que rescata y conserva los valores de la identidad cultural de la regi\u00f3n.<\/p>\n\n\n\n<p>Nidia G\u00f3ngora tambi\u00e9n es una empresaria y activista reconocida como una de mujeres l\u00edderes y emprendedoras de la regi\u00f3n, gracias a su creatividad mediante proyectos como \u201cViche Positivo\u201d, su reconocida marca de bebidas tradicionales del Pac\u00edfico, su casa hostal \u201cLa Bella Sof\u00eda\u00bb en Timbiqu\u00ed, y su Festival \u201cArrullo en el Barrio\u201d.<\/p>\n\n\n\n<p>Para este 2025, la Maestra Nidia G\u00f3ngora presenta su primera producci\u00f3n discogr\u00e1fica como solista, Pac\u00edfico Maravilla, una propuesta que fusiona diversos ritmos del lugar que la vio nacer y conecta con las guitarreadas nocturnas a orillas del r\u00edo Timbiqu\u00ed, el sonido de los manglares, la melod\u00eda de la marimba, la fuerza de sus tambores y voces. Pac\u00edfico Maravilla es un homenaje a la vida, un testimonio de sus vivencias en Timbiqu\u00ed y de su conexi\u00f3n con \u00c1frica. Gran parte del disco fue grabado en Timbiqu\u00ed y destaca las voces de mujeres mayores y j\u00f3venes, con cantos salves que evidencian el relevo generacional dentro de la m\u00fasica del Pac\u00edco. Tambi\u00e9n cuenta con la participaci\u00f3n de artistas invitadas como la cantante afrocubana Daym\u00e9 Arocena, nominada al Latin Grammy 2024, y la poeta, activista y antrop\u00f3loga costarricense Shirley Campbell, reconocida por su poes\u00eda afrodescendiente que celebra la identidad, la negritud y la resistencia de las mujeres negras en Am\u00e9rica Latina.<\/p>\n\n\n\n<p>Nidia G\u00f3ngora ha sido ganadora de la convocatoria 2024 del Programa Iberm\u00fasicas y Mid Atlantic Arts para la realizaci\u00f3n de giras por los Estados Unidos.<\/p>\n\n\n\n<p>Esta gira tiene el potencial de conectar audiencias estadounidenses con las ra\u00edces culturales y musicales del Pac\u00edfico colombiano, generando un di\u00e1logo intercultural en torno a temas universales como el empoderamiento femenino, la justicia social y la capacidad de las artes para transformar comunidades.<\/p>\n\n\n\n<ul class=\"wp-block-list\">\n<li>28 de agosto: Sahara Lounge, Austin, Texas<\/li>\n\n\n\n<li>30 de agosto: The Wild Detectives, Dallas, Texas<\/li>\n\n\n\n<li>31 de agosto: Pueblo Nuevo, Houston, Texas<\/li>\n\n\n\n<li>1 de septiembre: Algiers Music and Arts Studio, New Orleans, Luisiana<\/li>\n\n\n\n<li>3 de septiembre: WAA, Los Angeles, California<\/li>\n\n\n\n<li>4 de septiembre: Ojsai Underground, Ojai, California<\/li>\n\n\n\n<li>6 de septiembre: Mission Cultural Center, San Francisco, California<\/li>\n\n\n\n<li>6 de septiembre: Freight and Salvage, Berkeley, California<\/li>\n\n\n\n<li>21 de septiembre: Drom, New York<\/li>\n\n\n\n<li>22 de septiembre: Hill Center, Washington<\/li>\n\n\n\n<li>26 y 27 de septiembre: Lotus Festival, Bloomington, Indiana<\/li>\n\n\n\n<li>29 y 30 de septiembre: Krannert, Chapaign, Illinois<\/li>\n\n\n\n<li>1 de octubre: Chicago World Music Festival, Chicago, Illinois<\/li>\n\n\n\n<li>5 de octubre: The Cedar, Minneapolis<\/li>\n<\/ul>\n","protected":false},"excerpt":{"rendered":"<p>La Maestra Nidia G\u00f3ngora, es la cantora con mayor reconocimiento y una referente de la m\u00fasica del Pac\u00edfico colombiano. A lo largo de sus m\u00e1s de 25 a\u00f1os de experiencia como compositora e int\u00e9rprete, la Maestra Nidia ha logrado tender puentes entre la m\u00fasica tradicional de su natal Timbiqu\u00ed (Cauca) y otros g\u00e9neros de m\u00fasicas [&hellip;]<\/p>\n","protected":false},"author":7,"featured_media":25960,"comment_status":"closed","ping_status":"closed","sticky":false,"template":"","format":"standard","meta":{"_monsterinsights_skip_tracking":false,"_monsterinsights_sitenote_active":false,"_monsterinsights_sitenote_note":"","_monsterinsights_sitenote_category":0,"footnotes":""},"categories":[53],"tags":[],"class_list":["post-25959","post","type-post","status-publish","format-standard","has-post-thumbnail","hentry","category-noticias-generales"],"lang":"es","translations":{"es":25959},"pll_sync_post":[],"post_mailing_queue_ids":[],"_links":{"self":[{"href":"https:\/\/www.ibermusicas.org\/index.php\/wp-json\/wp\/v2\/posts\/25959","targetHints":{"allow":["GET"]}}],"collection":[{"href":"https:\/\/www.ibermusicas.org\/index.php\/wp-json\/wp\/v2\/posts"}],"about":[{"href":"https:\/\/www.ibermusicas.org\/index.php\/wp-json\/wp\/v2\/types\/post"}],"author":[{"embeddable":true,"href":"https:\/\/www.ibermusicas.org\/index.php\/wp-json\/wp\/v2\/users\/7"}],"replies":[{"embeddable":true,"href":"https:\/\/www.ibermusicas.org\/index.php\/wp-json\/wp\/v2\/comments?post=25959"}],"version-history":[{"count":1,"href":"https:\/\/www.ibermusicas.org\/index.php\/wp-json\/wp\/v2\/posts\/25959\/revisions"}],"predecessor-version":[{"id":25961,"href":"https:\/\/www.ibermusicas.org\/index.php\/wp-json\/wp\/v2\/posts\/25959\/revisions\/25961"}],"wp:featuredmedia":[{"embeddable":true,"href":"https:\/\/www.ibermusicas.org\/index.php\/wp-json\/wp\/v2\/media\/25960"}],"wp:attachment":[{"href":"https:\/\/www.ibermusicas.org\/index.php\/wp-json\/wp\/v2\/media?parent=25959"}],"wp:term":[{"taxonomy":"category","embeddable":true,"href":"https:\/\/www.ibermusicas.org\/index.php\/wp-json\/wp\/v2\/categories?post=25959"},{"taxonomy":"post_tag","embeddable":true,"href":"https:\/\/www.ibermusicas.org\/index.php\/wp-json\/wp\/v2\/tags?post=25959"}],"curies":[{"name":"wp","href":"https:\/\/api.w.org\/{rel}","templated":true}]}}