{"id":25973,"date":"2025-08-28T13:22:54","date_gmt":"2025-08-28T13:22:54","guid":{"rendered":"https:\/\/www.ibermusicas.org\/?p=25973"},"modified":"2025-08-28T13:22:56","modified_gmt":"2025-08-28T13:22:56","slug":"el-antropologo-y-artista-peruano-kamilo-riveros-vasquez-propone-un-viaje-desde-la-arqueomusicologia-al-sound-system-en-la-escuela-de-artes-musicales-de-la-universidad-de-costa-rica","status":"publish","type":"post","link":"https:\/\/www.ibermusicas.org\/index.php\/el-antropologo-y-artista-peruano-kamilo-riveros-vasquez-propone-un-viaje-desde-la-arqueomusicologia-al-sound-system-en-la-escuela-de-artes-musicales-de-la-universidad-de-costa-rica\/","title":{"rendered":"El antrop\u00f3logo y artista peruano Kamilo Riveros V\u00e1squez, propone un viaje desde la arqueomusicolog\u00eda al sound system en la Escuela de Artes Musicales de la Universidad de Costa Rica"},"content":{"rendered":"\n<p>Las m\u00fasicas y los sonidos contienen historias y memorias, que nos llevan a experiencias trascendentales que impactan en nuestra posibilidades de acci\u00f3n y concepci\u00f3n. La m\u00fasica nos da maneras de percibir el mundo, de relacionarnos entre las personas y de constituir nuestras propias identidades.<\/p>\n\n\n\n<p>En esta ocasi\u00f3n, Costa Rica recibir\u00e1 al investigador-creador Kamilo Riveros, para la realizaci\u00f3n de la segunda edici\u00f3n del Laboratorio m\u00f3vil de investigaci\u00f3n y creaci\u00f3n s\u00f3nica basada en antropolog\u00eda de la m\u00fasica, estudios sonoros, musicolog\u00eda y arqueomusicolog\u00eda con medios digitales y anal\u00f3gicos.<\/p>\n\n\n\n<p>Este Laboratorio incluir\u00e1 una serie de actividades educativas presenciales y virtuales a ser realizadas desde la Escuela de Artes Musicales de la Universidad de Costa Rica, abordando tem\u00e1ticas fundamentales pero usualmente solo conocidos por especialistas: las artes performativas pre hisp\u00e1nicas; la m\u00fasica en los andes, la costa y la amazon\u00eda peruanas; la potente escena de rock subterr\u00e1neo y el legado musicol\u00f3gico de Chalena V\u00e1squez, referente de la musicolog\u00eda latinoamericana.<\/p>\n\n\n\n<p>El Laboratorio dedicar\u00e1 esta residencia a la composici\u00f3n de una obra que combine referentes sonoros y texturales particulares, refiriendo a los sonidos microtonales, con escalas distintas a la escala temperada occidental, provenientes de instrumentos pre hisp\u00e1nicos descubiertos en excavaciones arqueol\u00f3gicas de las diversas culturas del Per\u00fa. A su vez estos insumos sonoros ser\u00e1n mezclados desde la cultura del sound system y la aproximaci\u00f3n del dub, en donde la tecnolog\u00eda interviene en la est\u00e9tica.<\/p>\n\n\n\n<p>En todo este proceso Riveros estar\u00e1 acompa\u00f1ado por destacadas figuras de la m\u00fasica como la compositora e improvisadora costarricense la Doctora Susan Campos Fonseca, directora del Archivo Hist\u00f3rico Musical de la Universidad de Costa Rica.<\/p>\n\n\n\n<p>Kamilo Riveros V\u00e1squez es antrop\u00f3logo, docente, gestor y artista multidisciplinario nacido en el Cusco. Especializado en investigaci\u00f3n aplicada. Trabaja el concepto de sistemas culturales digitales y la integraci\u00f3n entre patrimonio y econom\u00eda para la sostenibilidad, as\u00ed como el poder del sonido y las funciones sociales de la m\u00fasica. Bajista de m\u00e1s de 40 agrupaciones en 27 a\u00f1os. Como productor explora el dub, el uso de los equipos de sonido como instrumento musical. Profesor en el Museo de Arte de Lima y fundador del Centro de Investigaci\u00f3n de las Artes CEDINA Chalena V\u00e1squez Rodr\u00edguez.<\/p>\n\n\n\n<p>Susan Campos Fonseca es doctora en m\u00fasica, m\u00e1ster en pensamiento espa\u00f1ol e iberoamericano y licenciada en direcci\u00f3n musical. Profesora investigadora especialista en musicolog\u00eda. En su est\u00e9tica como improvisadora y compositora multiinstrumentista vincula la m\u00fasica electroac\u00fastica, la m\u00fasica concreta, el espectralismo y el post minimalismo. Premio de musicolog\u00eda casa de las Am\u00e9ricas 2012. Coordinadora del Archivo Hist\u00f3rico Musical de la Universidad de Costa Rica. Artista del sello Irreverence Group Music.<\/p>\n\n\n\n<p>Todas estas actividades cuentan con el apoyo del Programa Iberm\u00fasicas por medio de su l\u00ednea de Ayuda a artistas e investigadores para residencias, convocatoria 2024.<\/p>\n\n\n\n<ul class=\"wp-block-list\">\n<li>28 de agosto: Taller de creaci\u00f3n de m\u00fasica con tecnolog\u00eda como parte del San Jos\u00e9 Reggae Weekend Festival<\/li>\n\n\n\n<li>4 de septiembre: Conferencia de clausura de las XI Jornadas de investigaci\u00f3n en artes 2025 en la Universidad de Costa Rica.<\/li>\n\n\n\n<li>11 de septiembre: Actividades educativas en la UCR: Curso Historia de la m\u00fasica en Am\u00e9rica Latina. Panorama de las m\u00fasicas peruanas 1: tradiciones cont\u00ednuas en Costa, Andes y Amazon\u00eda.<\/li>\n\n\n\n<li>18 de septiembre: Actividades educativas en la UCR:Curso Historia de la m\u00fasica en Am\u00e9rica Latina. Panorama de las m\u00fasicas peruanas 2: el rock peruano y la profesionalizaci\u00f3n de la autogesti\u00f3n.<\/li>\n\n\n\n<li>25 de septiembre: Actividades educativas en la UCR: Archivo Hist\u00f3rico Musical de la Universidad de Costa Rica, Chalena V\u00e1squez y una musicolog\u00eda desde el sur global.<\/li>\n<\/ul>\n","protected":false},"excerpt":{"rendered":"<p>Las m\u00fasicas y los sonidos contienen historias y memorias, que nos llevan a experiencias trascendentales que impactan en nuestra posibilidades de acci\u00f3n y concepci\u00f3n. La m\u00fasica nos da maneras de percibir el mundo, de relacionarnos entre las personas y de constituir nuestras propias identidades. En esta ocasi\u00f3n, Costa Rica recibir\u00e1 al investigador-creador Kamilo Riveros, para [&hellip;]<\/p>\n","protected":false},"author":7,"featured_media":25974,"comment_status":"closed","ping_status":"closed","sticky":false,"template":"","format":"standard","meta":{"_monsterinsights_skip_tracking":false,"_monsterinsights_sitenote_active":false,"_monsterinsights_sitenote_note":"","_monsterinsights_sitenote_category":0,"footnotes":""},"categories":[53],"tags":[],"class_list":["post-25973","post","type-post","status-publish","format-standard","has-post-thumbnail","hentry","category-noticias-generales"],"lang":"es","translations":{"es":25973},"pll_sync_post":[],"post_mailing_queue_ids":[],"_links":{"self":[{"href":"https:\/\/www.ibermusicas.org\/index.php\/wp-json\/wp\/v2\/posts\/25973","targetHints":{"allow":["GET"]}}],"collection":[{"href":"https:\/\/www.ibermusicas.org\/index.php\/wp-json\/wp\/v2\/posts"}],"about":[{"href":"https:\/\/www.ibermusicas.org\/index.php\/wp-json\/wp\/v2\/types\/post"}],"author":[{"embeddable":true,"href":"https:\/\/www.ibermusicas.org\/index.php\/wp-json\/wp\/v2\/users\/7"}],"replies":[{"embeddable":true,"href":"https:\/\/www.ibermusicas.org\/index.php\/wp-json\/wp\/v2\/comments?post=25973"}],"version-history":[{"count":1,"href":"https:\/\/www.ibermusicas.org\/index.php\/wp-json\/wp\/v2\/posts\/25973\/revisions"}],"predecessor-version":[{"id":25975,"href":"https:\/\/www.ibermusicas.org\/index.php\/wp-json\/wp\/v2\/posts\/25973\/revisions\/25975"}],"wp:featuredmedia":[{"embeddable":true,"href":"https:\/\/www.ibermusicas.org\/index.php\/wp-json\/wp\/v2\/media\/25974"}],"wp:attachment":[{"href":"https:\/\/www.ibermusicas.org\/index.php\/wp-json\/wp\/v2\/media?parent=25973"}],"wp:term":[{"taxonomy":"category","embeddable":true,"href":"https:\/\/www.ibermusicas.org\/index.php\/wp-json\/wp\/v2\/categories?post=25973"},{"taxonomy":"post_tag","embeddable":true,"href":"https:\/\/www.ibermusicas.org\/index.php\/wp-json\/wp\/v2\/tags?post=25973"}],"curies":[{"name":"wp","href":"https:\/\/api.w.org\/{rel}","templated":true}]}}