{"id":25979,"date":"2025-08-28T14:03:29","date_gmt":"2025-08-28T14:03:29","guid":{"rendered":"https:\/\/www.ibermusicas.org\/?p=25979"},"modified":"2025-09-29T16:55:00","modified_gmt":"2025-09-29T16:55:00","slug":"la-flautista-espanola-clara-gallardo-presenta-su-proyecto-wamla-con-una-gira-por-brasil-y-argentina","status":"publish","type":"post","link":"https:\/\/www.ibermusicas.org\/index.php\/la-flautista-espanola-clara-gallardo-presenta-su-proyecto-wamla-con-una-gira-por-brasil-y-argentina\/","title":{"rendered":"La flautista espa\u00f1ola Clara Gallardo presenta su proyecto\u00a0 Wamla con una gira por Brasil y Argentina"},"content":{"rendered":"\n<p>En esta traves\u00eda que parte de la ra\u00edz para alzar el vuelo, la flautista malague\u00f1a Clara Gallardo presenta la m\u00fasica de su proyecto Wamla, junto al guitarrista brasile\u00f1o Mauricio Caruso. Un viaje a trav\u00e9s de su imaginario, de paisajes y mundos sonoros que van desde el Mediterr\u00e1neo y Oriente hasta Brasil y Argentina.<\/p>\n\n\n\n<p>Wamla es una propuesta contempor\u00e1nea, libre y llena de matices donde confluyen ra\u00edces, imaginaci\u00f3n y m\u00fasicas posibles, un proyecto musical de composiciones originales inspirado en ra\u00edces folcl\u00f3ricas de distintas regiones del mundo que integra ritmos y texturas con una profunda sensibilidad.<\/p>\n\n\n\n<p>Clara Gallardo es una flautista malague\u00f1a que se ha desarrollado en diferentes disciplinas art\u00edsticas, tanto en la m\u00fasica como en artes pl\u00e1sticas y danza. Con una s\u00f3lida formaci\u00f3n cl\u00e1sica, se licenci\u00f3 en el Conservatorio Superior de M\u00e1laga en 2011, y su inter\u00e9s por otros estilos y lenguajes le llevaron a indagar tambi\u00e9n en otras direcciones. Se traslad\u00f3 a Holanda para estudiar World Music en CODARTS, Universidad para las Artes de Rotterdam. Comienza all\u00ed a vincularse a la m\u00fasica brasile\u00f1a y folclore latinoamericano, tambi\u00e9n a la m\u00fasica turca, india y al flamenco, lo que le lleva a trabajar con muy diversos proyectos por gran parte de Europa, M\u00e9xico, Brazil, China o India.<\/p>\n\n\n\n<p>Esta gira de Clara Gallardo se hace posible gracias al apoyo del Programa Iberm\u00fasicas mediante su l\u00ednea de Ayuda a la circulaci\u00f3n de profesionales de la m\u00fasica, convocatoria 2024.<\/p>\n\n\n\n<ul class=\"wp-block-list\">\n<li>30 de agosto, 21h: Santa Clara rest., S\u00e3o Paulo, Brasil<\/li>\n\n\n\n<li>6 de septiembre: Auditorio UNLP, La Plata, Argentina<\/li>\n\n\n\n<li>7 de septiembre, 17h: Giuffra, Ciudad de Buenos Aires, Argentina<\/li>\n\n\n\n<li>10 de septiembre, 20h: Petit Salon de la Plataforma Lavard\u00e9n, Rosario, Santa Fe, Argentina<\/li>\n\n\n\n<li>\u206011 de septiembre:\u00a0 Universidad de Villa Mar\u00eda, C\u00f3rdoba, Argentina<\/li>\n\n\n\n<li>\u206012 de septiembre, 21h:\u00a0 Centro Cultural Graciela Carena, Ciudad de C\u00f3rdoba, Argentina<\/li>\n\n\n\n<li>\u206013 de septiembre, 21h:\u00a0 Casa de la Cultura de Villa Allende. C\u00f3rdoba, Argentina<\/li>\n\n\n\n<li>14 de septiembre: Centro Cultural Ram\u00f3n Cortez, San Lorenzo, C\u00f3rdoba, Argentina<\/li>\n\n\n\n<li>18 de septiembre: XVIII World Flutes Festival, Mendoza, Argentina<\/li>\n<\/ul>\n","protected":false},"excerpt":{"rendered":"<p>En esta traves\u00eda que parte de la ra\u00edz para alzar el vuelo, la flautista malague\u00f1a Clara Gallardo presenta la m\u00fasica de su proyecto Wamla, junto al guitarrista brasile\u00f1o Mauricio Caruso. Un viaje a trav\u00e9s de su imaginario, de paisajes y mundos sonoros que van desde el Mediterr\u00e1neo y Oriente hasta Brasil y Argentina. Wamla es [&hellip;]<\/p>\n","protected":false},"author":7,"featured_media":25980,"comment_status":"closed","ping_status":"closed","sticky":false,"template":"","format":"standard","meta":{"_monsterinsights_skip_tracking":false,"_monsterinsights_sitenote_active":false,"_monsterinsights_sitenote_note":"","_monsterinsights_sitenote_category":0,"footnotes":""},"categories":[53],"tags":[],"class_list":["post-25979","post","type-post","status-publish","format-standard","has-post-thumbnail","hentry","category-noticias-generales"],"lang":"es","translations":{"es":25979},"pll_sync_post":[],"post_mailing_queue_ids":[],"_links":{"self":[{"href":"https:\/\/www.ibermusicas.org\/index.php\/wp-json\/wp\/v2\/posts\/25979","targetHints":{"allow":["GET"]}}],"collection":[{"href":"https:\/\/www.ibermusicas.org\/index.php\/wp-json\/wp\/v2\/posts"}],"about":[{"href":"https:\/\/www.ibermusicas.org\/index.php\/wp-json\/wp\/v2\/types\/post"}],"author":[{"embeddable":true,"href":"https:\/\/www.ibermusicas.org\/index.php\/wp-json\/wp\/v2\/users\/7"}],"replies":[{"embeddable":true,"href":"https:\/\/www.ibermusicas.org\/index.php\/wp-json\/wp\/v2\/comments?post=25979"}],"version-history":[{"count":1,"href":"https:\/\/www.ibermusicas.org\/index.php\/wp-json\/wp\/v2\/posts\/25979\/revisions"}],"predecessor-version":[{"id":25981,"href":"https:\/\/www.ibermusicas.org\/index.php\/wp-json\/wp\/v2\/posts\/25979\/revisions\/25981"}],"wp:featuredmedia":[{"embeddable":true,"href":"https:\/\/www.ibermusicas.org\/index.php\/wp-json\/wp\/v2\/media\/25980"}],"wp:attachment":[{"href":"https:\/\/www.ibermusicas.org\/index.php\/wp-json\/wp\/v2\/media?parent=25979"}],"wp:term":[{"taxonomy":"category","embeddable":true,"href":"https:\/\/www.ibermusicas.org\/index.php\/wp-json\/wp\/v2\/categories?post=25979"},{"taxonomy":"post_tag","embeddable":true,"href":"https:\/\/www.ibermusicas.org\/index.php\/wp-json\/wp\/v2\/tags?post=25979"}],"curies":[{"name":"wp","href":"https:\/\/api.w.org\/{rel}","templated":true}]}}