{"id":25985,"date":"2025-08-28T14:22:36","date_gmt":"2025-08-28T14:22:36","guid":{"rendered":"https:\/\/www.ibermusicas.org\/?p=25985"},"modified":"2025-08-28T14:23:03","modified_gmt":"2025-08-28T14:23:03","slug":"la-agrupacion-mexicana-last-jeronimo-presenta-el-son-jarocho-meets-jazz-en-colombia","status":"publish","type":"post","link":"https:\/\/www.ibermusicas.org\/index.php\/la-agrupacion-mexicana-last-jeronimo-presenta-el-son-jarocho-meets-jazz-en-colombia\/","title":{"rendered":"La agrupaci\u00f3n mexicana Last Jer\u00f3nimo presenta el son-jarocho-meets-jazz en Colombia"},"content":{"rendered":"\n<p>Last Jer\u00f3nimo participar\u00e1 del Festival Jazz al Parque de Bogot\u00e1, Colombia llevando a cabo una muestra musical del \u00faltimo disco del proyecto llamado \u201cJarana Ways\u201d bajo el concepto de Mexica No Jazz y realizando el taller Los Sonidos de Latinoam\u00e9rica: Lenguajes con identidad para la improvisaci\u00f3n musical, con una tem\u00e1tica enfocada en construir lenguajes en com\u00fan a trav\u00e9s de la m\u00fasica con los pueblos originarios de sudam\u00e9rica.<\/p>\n\n\n\n<p>Participar\u00e1n de Jazz al Parque con m\u00fasica del g\u00e9nero jazz instrumental con influencias de m\u00fasica folkl\u00f3rica y urbana, mostrando su \u00faltimo trabajo de estudio \u201cjarana ways\u201d y el proyecto Mexica No Jazz una propuesta musical de Last Jer\u00f3nimo que explora el sonido popular mexicano.<\/p>\n\n\n\n<p>Mexica No Jazz es un movimiento que, a trav\u00e9s de varias disciplinas, busca fortalecer la percepci\u00f3n de la m\u00fasica tradicional mexicana como manifestaci\u00f3n art\u00edstica de primera l\u00ednea a nivel global. Con una visi\u00f3n urbana y vanguardista en la que, acompa\u00f1ado por algunos de los m\u00fasicos m\u00e1s virtuosos de la escena nacional, logra crear un di\u00e1logo incesante entre las reverberaciones del pasado y la palpitante frescura del porvenir.<\/p>\n\n\n\n<p>El Taller Los Sonidos de Latinoam\u00e9rica: Lenguajes con identidad para la improvisaci\u00f3n musical, tiene como principal prop\u00f3sito que las y los participantes, como parte fundamental de su desarrollo como m\u00fasicos latinoamericanos, reconozcan y aprecien los lenguajes y los conceptos en los que se basan las diversas expresiones musicales del continente generando intercambios de saberes. Para esto, se realizar\u00e1 un viaje sonoro a trav\u00e9s de varias regiones y pueblos, estudiando los elementos musicales que determinan cada g\u00e9nero.<\/p>\n\n\n\n<p>Este proyecto ha sido ganador de las convocatorias 2023 del Programa Iberm\u00fasicas en la l\u00ednea de Ayudas a la Circulaci\u00f3n.<\/p>\n\n\n\n<ul class=\"wp-block-list\">\n<li>7 de septiembre: Festival Jazz al Parque, Bogot\u00e1, Colombia<\/li>\n<\/ul>\n","protected":false},"excerpt":{"rendered":"<p>Last Jer\u00f3nimo participar\u00e1 del Festival Jazz al Parque de Bogot\u00e1, Colombia llevando a cabo una muestra musical del \u00faltimo disco del proyecto llamado \u201cJarana Ways\u201d bajo el concepto de Mexica No Jazz y realizando el taller Los Sonidos de Latinoam\u00e9rica: Lenguajes con identidad para la improvisaci\u00f3n musical, con una tem\u00e1tica enfocada en construir lenguajes en [&hellip;]<\/p>\n","protected":false},"author":7,"featured_media":25986,"comment_status":"closed","ping_status":"closed","sticky":false,"template":"","format":"standard","meta":{"_monsterinsights_skip_tracking":false,"_monsterinsights_sitenote_active":false,"_monsterinsights_sitenote_note":"","_monsterinsights_sitenote_category":0,"footnotes":""},"categories":[53],"tags":[],"class_list":["post-25985","post","type-post","status-publish","format-standard","has-post-thumbnail","hentry","category-noticias-generales"],"lang":"es","translations":{"es":25985},"pll_sync_post":[],"post_mailing_queue_ids":[],"_links":{"self":[{"href":"https:\/\/www.ibermusicas.org\/index.php\/wp-json\/wp\/v2\/posts\/25985","targetHints":{"allow":["GET"]}}],"collection":[{"href":"https:\/\/www.ibermusicas.org\/index.php\/wp-json\/wp\/v2\/posts"}],"about":[{"href":"https:\/\/www.ibermusicas.org\/index.php\/wp-json\/wp\/v2\/types\/post"}],"author":[{"embeddable":true,"href":"https:\/\/www.ibermusicas.org\/index.php\/wp-json\/wp\/v2\/users\/7"}],"replies":[{"embeddable":true,"href":"https:\/\/www.ibermusicas.org\/index.php\/wp-json\/wp\/v2\/comments?post=25985"}],"version-history":[{"count":1,"href":"https:\/\/www.ibermusicas.org\/index.php\/wp-json\/wp\/v2\/posts\/25985\/revisions"}],"predecessor-version":[{"id":25987,"href":"https:\/\/www.ibermusicas.org\/index.php\/wp-json\/wp\/v2\/posts\/25985\/revisions\/25987"}],"wp:featuredmedia":[{"embeddable":true,"href":"https:\/\/www.ibermusicas.org\/index.php\/wp-json\/wp\/v2\/media\/25986"}],"wp:attachment":[{"href":"https:\/\/www.ibermusicas.org\/index.php\/wp-json\/wp\/v2\/media?parent=25985"}],"wp:term":[{"taxonomy":"category","embeddable":true,"href":"https:\/\/www.ibermusicas.org\/index.php\/wp-json\/wp\/v2\/categories?post=25985"},{"taxonomy":"post_tag","embeddable":true,"href":"https:\/\/www.ibermusicas.org\/index.php\/wp-json\/wp\/v2\/tags?post=25985"}],"curies":[{"name":"wp","href":"https:\/\/api.w.org\/{rel}","templated":true}]}}