{"id":26048,"date":"2025-08-28T17:18:13","date_gmt":"2025-08-28T17:18:13","guid":{"rendered":"https:\/\/www.ibermusicas.org\/?p=26048"},"modified":"2025-09-29T16:54:29","modified_gmt":"2025-09-29T16:54:29","slug":"el-docente-y-multi-instrumentista-espanol-joan-chamorro-realizara-la-residencia-jazz-para-todes-en-el-centro-de-educacion-superior-explayarte-de-mexico","status":"publish","type":"post","link":"https:\/\/www.ibermusicas.org\/index.php\/el-docente-y-multi-instrumentista-espanol-joan-chamorro-realizara-la-residencia-jazz-para-todes-en-el-centro-de-educacion-superior-explayarte-de-mexico\/","title":{"rendered":"El docente y multi instrumentista espa\u00f1ol Joan Chamorro realizar\u00e1 la residencia \u201cJazz para todes\u201d en el centro de educaci\u00f3n superior Explayarte de M\u00e9xico"},"content":{"rendered":"\n<p>\u00abJazz para todes es un proyecto socioformativo y art\u00edstico que conjuga a Explayarte, con el reconocido m\u00fasico de jazz espa\u00f1ol Joan Chamorro para la exploraci\u00f3n de su metodolog\u00eda en la formaci\u00f3n profesional de licenciados en m\u00fasica con base en el trabajo colectivo y la improvisaci\u00f3n, con miras a derribar barreras generacionales, abriendo canales para la diversidad en toda su amplia gama de posibilidades.<\/p>\n\n\n\n<p>Joan Chamorro es M\u00fasico de jazz multi instrumentista y director de la Sant Andreu Jazz Band con la que ha logrado resultados sorprendentes constatados en m\u00e1s de 30 grabaciones en formato CD y 21 discos surgidos en el seno de la colecci\u00f3n \u201cJoan Chamorro Presenta\u201d. Protagoniz\u00f3 el documental \u201cA film about kids and music\u201d del director Ramon Tort.<\/p>\n\n\n\n<p>Explayarte con m\u00e1s de 20 a\u00f1os de experiencia en el sector musical, es un Centro de Educaci\u00f3n Superior cuyo liderazgo educativo en las artes impacta significativamente en el&nbsp; desarrollo art\u00edstico de Quintana Roo y M\u00e9xico.<\/p>\n\n\n\n<p>Este proyecto ha sido ganador de la l\u00ednea de \u201cAyuda a instituciones para residencias\u201d en las convocatorias 2024 del Programa Iberm\u00fasicas.<\/p>\n\n\n\n<ul class=\"wp-block-list\">\n<li>15 de septiembre al 3 de octubre en Explayarte, Playa del Carmen, Quintana Roo, M\u00e9xico<\/li>\n<\/ul>\n","protected":false},"excerpt":{"rendered":"<p>\u00abJazz para todes es un proyecto socioformativo y art\u00edstico que conjuga a Explayarte, con el reconocido m\u00fasico de jazz espa\u00f1ol Joan Chamorro para la exploraci\u00f3n de su metodolog\u00eda en la formaci\u00f3n profesional de licenciados en m\u00fasica con base en el trabajo colectivo y la improvisaci\u00f3n, con miras a derribar barreras generacionales, abriendo canales para la [&hellip;]<\/p>\n","protected":false},"author":7,"featured_media":26055,"comment_status":"closed","ping_status":"closed","sticky":false,"template":"","format":"standard","meta":{"_monsterinsights_skip_tracking":false,"_monsterinsights_sitenote_active":false,"_monsterinsights_sitenote_note":"","_monsterinsights_sitenote_category":0,"footnotes":""},"categories":[53],"tags":[],"class_list":["post-26048","post","type-post","status-publish","format-standard","has-post-thumbnail","hentry","category-noticias-generales"],"lang":"es","translations":{"es":26048},"pll_sync_post":[],"post_mailing_queue_ids":[],"_links":{"self":[{"href":"https:\/\/www.ibermusicas.org\/index.php\/wp-json\/wp\/v2\/posts\/26048","targetHints":{"allow":["GET"]}}],"collection":[{"href":"https:\/\/www.ibermusicas.org\/index.php\/wp-json\/wp\/v2\/posts"}],"about":[{"href":"https:\/\/www.ibermusicas.org\/index.php\/wp-json\/wp\/v2\/types\/post"}],"author":[{"embeddable":true,"href":"https:\/\/www.ibermusicas.org\/index.php\/wp-json\/wp\/v2\/users\/7"}],"replies":[{"embeddable":true,"href":"https:\/\/www.ibermusicas.org\/index.php\/wp-json\/wp\/v2\/comments?post=26048"}],"version-history":[{"count":1,"href":"https:\/\/www.ibermusicas.org\/index.php\/wp-json\/wp\/v2\/posts\/26048\/revisions"}],"predecessor-version":[{"id":26050,"href":"https:\/\/www.ibermusicas.org\/index.php\/wp-json\/wp\/v2\/posts\/26048\/revisions\/26050"}],"wp:featuredmedia":[{"embeddable":true,"href":"https:\/\/www.ibermusicas.org\/index.php\/wp-json\/wp\/v2\/media\/26055"}],"wp:attachment":[{"href":"https:\/\/www.ibermusicas.org\/index.php\/wp-json\/wp\/v2\/media?parent=26048"}],"wp:term":[{"taxonomy":"category","embeddable":true,"href":"https:\/\/www.ibermusicas.org\/index.php\/wp-json\/wp\/v2\/categories?post=26048"},{"taxonomy":"post_tag","embeddable":true,"href":"https:\/\/www.ibermusicas.org\/index.php\/wp-json\/wp\/v2\/tags?post=26048"}],"curies":[{"name":"wp","href":"https:\/\/api.w.org\/{rel}","templated":true}]}}