{"id":26320,"date":"2025-09-29T18:42:58","date_gmt":"2025-09-29T18:42:58","guid":{"rendered":"https:\/\/www.ibermusicas.org\/?p=26320"},"modified":"2026-01-14T18:17:05","modified_gmt":"2026-01-14T18:17:05","slug":"se-llevara-a-cabo-en-uruguay-el-festival-mestizo","status":"publish","type":"post","link":"https:\/\/www.ibermusicas.org\/index.php\/se-llevara-a-cabo-en-uruguay-el-festival-mestizo\/","title":{"rendered":"Se llevar\u00e1 a cabo en Uruguay el Festival Mestizo"},"content":{"rendered":"\n<p>El Festival Mestizo es un evento cultural para todas las edades organizado por el grupo Mestizo. Contar\u00e1 con shows musicales, clases de danzas tradicionales, DJ, feria de emprendedores colombianos, talleres y masterclass de ritmos colombianos.<\/p>\n\n\n\n<p>\u00c9ste festival es ganador del premio \u201cColombia en el Mundo\u201d del Programa Iberm\u00fasicas y el Ministerio de Culturas de Colombia; un premio que reconoce a iniciativas que difunden la m\u00fasica colombiana en todo el mundo.<\/p>\n\n\n\n<p>Ser\u00e1n parte de la programaci\u00f3n del festival:<\/p>\n\n\n\n<ul class=\"wp-block-list\">\n<li>In\u00e9s Granja (Cantante y compositora afrocolombiana, referente cultural de la regi\u00f3n del pac\u00edfico)<\/li>\n\n\n\n<li>Camoruco (Ensamble de m\u00fasica llanera Colombo-Argentino)<\/li>\n\n\n\n<li>David Bedoya (Cuatrista y cantautor Colombiano)<\/li>\n\n\n\n<li>Juan David Casta\u00f1o (Marimbero, compositor y productor colombiano)<\/li>\n\n\n\n<li>Mestizo (Banda anfitriona que ofrecer\u00e1 cantos y ritmos de Am\u00e9rica y el Caribe)<\/li>\n\n\n\n<li>DJ Macondo (Rumba a lo Colombiano)<\/li>\n<\/ul>\n\n\n\n<p>Mestizo es una celebraci\u00f3n a la diversidad cultural de nuestro continente. Es un grupo de referencia en el medio uruguayo por su alto valor musical y educativo. Ofrece un espect\u00e1culo en\u00e9rgico y bailable que recorre cantos, ritmos y danzas de Am\u00e9rica Latina y el Caribe, con un contundente y variado repertorio de Cumbias, Currulaos, Chalupas, Bullerengue, Carranga, Joropo llanero, Guaguanco, Cantos con tambores Bat\u00e1 de Cuba, Festejo peruano, Candombe, Gato, Calypso y Plena, entre otros.<\/p>\n\n\n\n<p>Su vers\u00e1til banda est\u00e1 integrada por m\u00fasicas, m\u00fasicas, bailarinas y bailarines profesionales de Colombia, Costa Rica, Cuba y Uruguay, que dominan una sorprendente variedad instrumental e incluyen un caracter\u00edstico despliegue vocal. En sus 16 a\u00f1os de trayectoria, Mestizo se ha presentado en eventos y festivales de todo el pa\u00eds frente a p\u00fablicos diversos. En 2022 realizaron una gira por Colombia que tambi\u00e9n recibi\u00f3 apoyo de Iberm\u00fasicas.<\/p>\n\n\n\n<ul class=\"wp-block-list\">\n<li>11 de octubre , de 15 a 22 hs, en el Museo de las Migraciones, Bartolom\u00e9 Mitre 1550, Montevideo, Uruguay<\/li>\n<\/ul>\n","protected":false},"excerpt":{"rendered":"<p>El Festival Mestizo es un evento cultural para todas las edades organizado por el grupo Mestizo. Contar\u00e1 con shows musicales, clases de danzas tradicionales, DJ, feria de emprendedores colombianos, talleres y masterclass de ritmos colombianos. \u00c9ste festival es ganador del premio \u201cColombia en el Mundo\u201d del Programa Iberm\u00fasicas y el Ministerio de Culturas de Colombia; [&hellip;]<\/p>\n","protected":false},"author":7,"featured_media":26321,"comment_status":"closed","ping_status":"closed","sticky":false,"template":"","format":"standard","meta":{"_monsterinsights_skip_tracking":false,"_monsterinsights_sitenote_active":false,"_monsterinsights_sitenote_note":"","_monsterinsights_sitenote_category":0,"footnotes":""},"categories":[53],"tags":[],"class_list":["post-26320","post","type-post","status-publish","format-standard","has-post-thumbnail","hentry","category-noticias-generales"],"lang":"es","translations":{"es":26320},"pll_sync_post":[],"post_mailing_queue_ids":[],"_links":{"self":[{"href":"https:\/\/www.ibermusicas.org\/index.php\/wp-json\/wp\/v2\/posts\/26320","targetHints":{"allow":["GET"]}}],"collection":[{"href":"https:\/\/www.ibermusicas.org\/index.php\/wp-json\/wp\/v2\/posts"}],"about":[{"href":"https:\/\/www.ibermusicas.org\/index.php\/wp-json\/wp\/v2\/types\/post"}],"author":[{"embeddable":true,"href":"https:\/\/www.ibermusicas.org\/index.php\/wp-json\/wp\/v2\/users\/7"}],"replies":[{"embeddable":true,"href":"https:\/\/www.ibermusicas.org\/index.php\/wp-json\/wp\/v2\/comments?post=26320"}],"version-history":[{"count":1,"href":"https:\/\/www.ibermusicas.org\/index.php\/wp-json\/wp\/v2\/posts\/26320\/revisions"}],"predecessor-version":[{"id":26322,"href":"https:\/\/www.ibermusicas.org\/index.php\/wp-json\/wp\/v2\/posts\/26320\/revisions\/26322"}],"wp:featuredmedia":[{"embeddable":true,"href":"https:\/\/www.ibermusicas.org\/index.php\/wp-json\/wp\/v2\/media\/26321"}],"wp:attachment":[{"href":"https:\/\/www.ibermusicas.org\/index.php\/wp-json\/wp\/v2\/media?parent=26320"}],"wp:term":[{"taxonomy":"category","embeddable":true,"href":"https:\/\/www.ibermusicas.org\/index.php\/wp-json\/wp\/v2\/categories?post=26320"},{"taxonomy":"post_tag","embeddable":true,"href":"https:\/\/www.ibermusicas.org\/index.php\/wp-json\/wp\/v2\/tags?post=26320"}],"curies":[{"name":"wp","href":"https:\/\/api.w.org\/{rel}","templated":true}]}}