{"id":26344,"date":"2025-10-02T16:50:29","date_gmt":"2025-10-02T16:50:29","guid":{"rendered":"https:\/\/www.ibermusicas.org\/?p=26344"},"modified":"2025-10-15T13:05:23","modified_gmt":"2025-10-15T13:05:23","slug":"con-gran-exito-cerraron-12-de-las-14-las-convocatorias-2025-del-programa-ibermusicas","status":"publish","type":"post","link":"https:\/\/www.ibermusicas.org\/index.php\/con-gran-exito-cerraron-12-de-las-14-las-convocatorias-2025-del-programa-ibermusicas\/","title":{"rendered":"Con gran \u00e9xito cerraron 12 de las 14 las convocatorias 2025 del Programa Iberm\u00fasicas"},"content":{"rendered":"\n<p>Habiendo recibido un total de 1786 postulaciones, cerr\u00f3 el ciclo de convocatorias 2025 del Programa Iberm\u00fasicas.<\/p>\n\n\n\n<p>Ya ha comenzado el proceso de evaluaci\u00f3n y selecci\u00f3n por parte de nuestros jurados. El d\u00eda 28 de noviembre ser\u00e1n anunciados los proyectos ganadores en nuestra web.<\/p>\n\n\n\n<p>El gran n\u00famero de postulaciones recibidas da testimonio de la enorme y diversa actividad del sector musical y del inter\u00e9s que generan las herramientas propuestas por el Programa Iberm\u00fasicas.<\/p>\n\n\n\n<p>Se han recibido propuestas presentadas desde todos los 16 pa\u00edses que integran el Programa Iberm\u00fasicas, desde los 7 pa\u00edses de \u00c1frica y de Asia que son parte de la Comunidad de Pa\u00edses de Lengua Portuguesa (CPLP) y desde la regi\u00f3n italiana de Emilia-Romagna.<\/p>\n\n\n\n<p>En este nuevo ciclo de convocatorias y concursos, Iberm\u00fasicas ha vuelto a poner a disposici\u00f3n del sector diferentes herramientas creadas para promover y fortalecer a nuestra comunidad musical recibiendo 1786 candidaturas e involucrando a<strong> 24 <\/strong>pa\u00edses de <strong>4<\/strong> continentes.<\/p>\n","protected":false},"excerpt":{"rendered":"<p>Habiendo recibido un total de 1786 postulaciones, cerr\u00f3 el ciclo de convocatorias 2025 del Programa Iberm\u00fasicas. Ya ha comenzado el proceso de evaluaci\u00f3n y selecci\u00f3n por parte de nuestros jurados. El d\u00eda 28 de noviembre ser\u00e1n anunciados los proyectos ganadores en nuestra web. El gran n\u00famero de postulaciones recibidas da testimonio de la enorme y [&hellip;]<\/p>\n","protected":false},"author":7,"featured_media":26372,"comment_status":"closed","ping_status":"closed","sticky":false,"template":"","format":"standard","meta":{"_monsterinsights_skip_tracking":false,"_monsterinsights_sitenote_active":false,"_monsterinsights_sitenote_note":"","_monsterinsights_sitenote_category":0,"footnotes":""},"categories":[53],"tags":[],"class_list":["post-26344","post","type-post","status-publish","format-standard","has-post-thumbnail","hentry","category-noticias-generales"],"lang":"es","translations":{"es":26344},"pll_sync_post":[],"post_mailing_queue_ids":[],"_links":{"self":[{"href":"https:\/\/www.ibermusicas.org\/index.php\/wp-json\/wp\/v2\/posts\/26344","targetHints":{"allow":["GET"]}}],"collection":[{"href":"https:\/\/www.ibermusicas.org\/index.php\/wp-json\/wp\/v2\/posts"}],"about":[{"href":"https:\/\/www.ibermusicas.org\/index.php\/wp-json\/wp\/v2\/types\/post"}],"author":[{"embeddable":true,"href":"https:\/\/www.ibermusicas.org\/index.php\/wp-json\/wp\/v2\/users\/7"}],"replies":[{"embeddable":true,"href":"https:\/\/www.ibermusicas.org\/index.php\/wp-json\/wp\/v2\/comments?post=26344"}],"version-history":[{"count":2,"href":"https:\/\/www.ibermusicas.org\/index.php\/wp-json\/wp\/v2\/posts\/26344\/revisions"}],"predecessor-version":[{"id":26368,"href":"https:\/\/www.ibermusicas.org\/index.php\/wp-json\/wp\/v2\/posts\/26344\/revisions\/26368"}],"wp:featuredmedia":[{"embeddable":true,"href":"https:\/\/www.ibermusicas.org\/index.php\/wp-json\/wp\/v2\/media\/26372"}],"wp:attachment":[{"href":"https:\/\/www.ibermusicas.org\/index.php\/wp-json\/wp\/v2\/media?parent=26344"}],"wp:term":[{"taxonomy":"category","embeddable":true,"href":"https:\/\/www.ibermusicas.org\/index.php\/wp-json\/wp\/v2\/categories?post=26344"},{"taxonomy":"post_tag","embeddable":true,"href":"https:\/\/www.ibermusicas.org\/index.php\/wp-json\/wp\/v2\/tags?post=26344"}],"curies":[{"name":"wp","href":"https:\/\/api.w.org\/{rel}","templated":true}]}}