{"id":26469,"date":"2025-10-14T20:21:06","date_gmt":"2025-10-14T20:21:06","guid":{"rendered":"https:\/\/www.ibermusicas.org\/?p=26469"},"modified":"2026-01-14T18:15:37","modified_gmt":"2026-01-14T18:15:37","slug":"el-ensamble-de-percusion-argentino-tambor-fantasma-participara-de-las-jornadas-de-percusion-de-la-universidad-de-ciencias-y-artes-de-chiapas-mexico","status":"publish","type":"post","link":"https:\/\/www.ibermusicas.org\/index.php\/el-ensamble-de-percusion-argentino-tambor-fantasma-participara-de-las-jornadas-de-percusion-de-la-universidad-de-ciencias-y-artes-de-chiapas-mexico\/","title":{"rendered":"El ensamble de percusi\u00f3n argentino Tambor Fantasma participar\u00e1 de las Jornadas de Percusi\u00f3n de la Universidad de Ciencias y Artes de Chiapas, M\u00e9xico"},"content":{"rendered":"\n<p>Tambor Fantasma es un ensamble de percusi\u00f3n contempor\u00e1nea&nbsp; integrado por Bruno Lo Bianco, Oscar Albrieu, Gonzalo Perez y Daniela Cervetto. Todos ellos especializados en m\u00fasica contempor\u00e1nea e intensamente comprometidos con el encargo y puesta en escena de nuevas obras para percusi\u00f3n.<\/p>\n\n\n\n<p>Dentro de sus numerosos conciertos se destacan el estreno latinoamericano de Le livre des Claviers de Phillippe Manoury en el ciclo Contempor\u00e1neo del Teatro Col\u00f3n, la audici\u00f3n de la obra integral de percusi\u00f3n de Mariano Etkin en el mismo teatro, Tempus Ex Machina, un concierto alrededor de la obra de G\u00e9rard Grisey presentado en el CETC y Le Noir de\u00b4\u00c9toile, del mismo compositor, para seis percusionistas, cinta y se\u00f1ales astron\u00f3micas captadas in situ, en la C\u00fapula del CCK.<\/p>\n\n\n\n<p>Han realizado giras por los Estados Unidos y trabajado con importantes compositores como George Friedrich Haas, Michael Gordon, Beat Furrer o Mart\u00edn Matal\u00f3n. En el a\u00f1o 2021 realizaron una residencia art\u00edstica en el espacio Proa21 dependiente de la Fundaci\u00f3n Proa. Junto al festival No Convencional y Alego Moguillansky realizaron el film del estreno latinoamericano de Strange and Sacred Noise de John Luther Adams. Desde 2022 hasta la actualidad residen en ArtHaus Central. 27 y 28 de octubre, Jornadas de Percusi\u00f3n, Centro Cultural Universitario de la UNICACH, Direcci\u00f3n de Extensi\u00f3n Universitaria, Tuxtla Guti\u00e9rrez, Chiapas, M\u00e9xico<\/p>\n","protected":false},"excerpt":{"rendered":"<p>Tambor Fantasma es un ensamble de percusi\u00f3n contempor\u00e1nea&nbsp; integrado por Bruno Lo Bianco, Oscar Albrieu, Gonzalo Perez y Daniela Cervetto. Todos ellos especializados en m\u00fasica contempor\u00e1nea e intensamente comprometidos con el encargo y puesta en escena de nuevas obras para percusi\u00f3n. Dentro de sus numerosos conciertos se destacan el estreno latinoamericano de Le livre des [&hellip;]<\/p>\n","protected":false},"author":7,"featured_media":26470,"comment_status":"closed","ping_status":"closed","sticky":false,"template":"","format":"standard","meta":{"_monsterinsights_skip_tracking":false,"_monsterinsights_sitenote_active":false,"_monsterinsights_sitenote_note":"","_monsterinsights_sitenote_category":0,"footnotes":""},"categories":[53],"tags":[],"class_list":["post-26469","post","type-post","status-publish","format-standard","has-post-thumbnail","hentry","category-noticias-generales"],"lang":"es","translations":{"es":26469,"pt":26472},"pll_sync_post":[],"post_mailing_queue_ids":[],"_links":{"self":[{"href":"https:\/\/www.ibermusicas.org\/index.php\/wp-json\/wp\/v2\/posts\/26469","targetHints":{"allow":["GET"]}}],"collection":[{"href":"https:\/\/www.ibermusicas.org\/index.php\/wp-json\/wp\/v2\/posts"}],"about":[{"href":"https:\/\/www.ibermusicas.org\/index.php\/wp-json\/wp\/v2\/types\/post"}],"author":[{"embeddable":true,"href":"https:\/\/www.ibermusicas.org\/index.php\/wp-json\/wp\/v2\/users\/7"}],"replies":[{"embeddable":true,"href":"https:\/\/www.ibermusicas.org\/index.php\/wp-json\/wp\/v2\/comments?post=26469"}],"version-history":[{"count":1,"href":"https:\/\/www.ibermusicas.org\/index.php\/wp-json\/wp\/v2\/posts\/26469\/revisions"}],"predecessor-version":[{"id":26471,"href":"https:\/\/www.ibermusicas.org\/index.php\/wp-json\/wp\/v2\/posts\/26469\/revisions\/26471"}],"wp:featuredmedia":[{"embeddable":true,"href":"https:\/\/www.ibermusicas.org\/index.php\/wp-json\/wp\/v2\/media\/26470"}],"wp:attachment":[{"href":"https:\/\/www.ibermusicas.org\/index.php\/wp-json\/wp\/v2\/media?parent=26469"}],"wp:term":[{"taxonomy":"category","embeddable":true,"href":"https:\/\/www.ibermusicas.org\/index.php\/wp-json\/wp\/v2\/categories?post=26469"},{"taxonomy":"post_tag","embeddable":true,"href":"https:\/\/www.ibermusicas.org\/index.php\/wp-json\/wp\/v2\/tags?post=26469"}],"curies":[{"name":"wp","href":"https:\/\/api.w.org\/{rel}","templated":true}]}}