{"id":26472,"date":"2025-10-14T20:22:53","date_gmt":"2025-10-14T20:22:53","guid":{"rendered":"https:\/\/www.ibermusicas.org\/?p=26472"},"modified":"2026-02-26T12:58:48","modified_gmt":"2026-02-26T12:58:48","slug":"o-ensemble-de-percussao-argentino-tambor-fantasma-participara-das-jornadas-de-percussao-da-universidade-de-ciencias-e-artes-de-chiapas-mexico","status":"publish","type":"post","link":"https:\/\/www.ibermusicas.org\/index.php\/o-ensemble-de-percussao-argentino-tambor-fantasma-participara-das-jornadas-de-percussao-da-universidade-de-ciencias-e-artes-de-chiapas-mexico\/","title":{"rendered":"O ensemble de percuss\u00e3o argentino Tambor Fantasma participar\u00e1 das Jornadas de Percuss\u00e3o da Universidade de Ci\u00eancias e Artes de Chiapas, M\u00e9xico"},"content":{"rendered":"\n<p>Tambor Fantasma \u00e9 um conjunto de percuss\u00e3o contempor\u00e2nea composto por Bruno Lo Bianco, Oscar Albrieu, Gonzalo Perez e Daniela Cervetto. Todos eles s\u00e3o especialistas em m\u00fasica contempor\u00e2nea e intensamente comprometidos com a encomenda e a encena\u00e7\u00e3o de novas obras para percuss\u00e3o.<\/p>\n\n\n\n<p>Entre seus in\u00fameros concertos, destacam-se a estreia latino-americana de Le livre des Claviers, de Phillippe Manoury, no ciclo Contempor\u00e2neo do Teatro Col\u00f3n, a audi\u00e7\u00e3o da obra integral para percuss\u00e3o de Mariano Etkin no mesmo teatro, Tempus Ex Machina, um concerto em torno da obra de G\u00e9rard Grisey apresentado no CETC, e Le Noir de\u00b4\u00c9toile, do mesmo compositor, para seis percussionistas, fita e sinais astron\u00f4micos captados in situ, na C\u00fapula do CCK.<\/p>\n\n\n\n<p>Eles realizaram turn\u00eas pelos Estados Unidos e trabalharam com compositores importantes como George Friedrich Haas, Michael Gordon, Beat Furrer e Mart\u00edn Matal\u00f3n. Em 2021, realizaram uma resid\u00eancia art\u00edstica no espa\u00e7o Proa21, dependente da Funda\u00e7\u00e3o Proa. Juntamente com o festival No Convencional e Alego Moguillansky, realizaram o filme da estreia latino-americana de Strange and Sacred Noise, de John Luther Adams. Desde 2022 at\u00e9 o presente, residem na ArtHaus Central.<\/p>\n\n\n\n<ul class=\"wp-block-list\">\n<li>27 e 28 de outubro, Jornadas de Percuss\u00e3o, Centro Cultural Universit\u00e1rio da UNICACH, Dire\u00e7\u00e3o de Extens\u00e3o Universit\u00e1ria, Tuxtla Guti\u00e9rrez, Chiapas, M\u00e9xico<\/li>\n<\/ul>\n\n\n\n<p><\/p>\n","protected":false},"excerpt":{"rendered":"<p>Tambor Fantasma \u00e9 um conjunto de percuss\u00e3o contempor\u00e2nea composto por Bruno Lo Bianco, Oscar Albrieu, Gonzalo Perez e Daniela Cervetto. Todos eles s\u00e3o especialistas em m\u00fasica contempor\u00e2nea e intensamente comprometidos com a encomenda e a encena\u00e7\u00e3o de novas obras para percuss\u00e3o. Entre seus in\u00fameros concertos, destacam-se a estreia latino-americana de Le livre des Claviers, de [&hellip;]<\/p>\n","protected":false},"author":7,"featured_media":26470,"comment_status":"closed","ping_status":"closed","sticky":false,"template":"","format":"standard","meta":{"_monsterinsights_skip_tracking":false,"_monsterinsights_sitenote_active":false,"_monsterinsights_sitenote_note":"","_monsterinsights_sitenote_category":0,"footnotes":""},"categories":[218],"tags":[],"class_list":["post-26472","post","type-post","status-publish","format-standard","has-post-thumbnail","hentry","category-noticias-generales-pt"],"lang":"pt","translations":{"pt":26472,"es":26469},"pll_sync_post":[],"post_mailing_queue_ids":[],"_links":{"self":[{"href":"https:\/\/www.ibermusicas.org\/index.php\/wp-json\/wp\/v2\/posts\/26472","targetHints":{"allow":["GET"]}}],"collection":[{"href":"https:\/\/www.ibermusicas.org\/index.php\/wp-json\/wp\/v2\/posts"}],"about":[{"href":"https:\/\/www.ibermusicas.org\/index.php\/wp-json\/wp\/v2\/types\/post"}],"author":[{"embeddable":true,"href":"https:\/\/www.ibermusicas.org\/index.php\/wp-json\/wp\/v2\/users\/7"}],"replies":[{"embeddable":true,"href":"https:\/\/www.ibermusicas.org\/index.php\/wp-json\/wp\/v2\/comments?post=26472"}],"version-history":[{"count":2,"href":"https:\/\/www.ibermusicas.org\/index.php\/wp-json\/wp\/v2\/posts\/26472\/revisions"}],"predecessor-version":[{"id":26474,"href":"https:\/\/www.ibermusicas.org\/index.php\/wp-json\/wp\/v2\/posts\/26472\/revisions\/26474"}],"wp:featuredmedia":[{"embeddable":true,"href":"https:\/\/www.ibermusicas.org\/index.php\/wp-json\/wp\/v2\/media\/26470"}],"wp:attachment":[{"href":"https:\/\/www.ibermusicas.org\/index.php\/wp-json\/wp\/v2\/media?parent=26472"}],"wp:term":[{"taxonomy":"category","embeddable":true,"href":"https:\/\/www.ibermusicas.org\/index.php\/wp-json\/wp\/v2\/categories?post=26472"},{"taxonomy":"post_tag","embeddable":true,"href":"https:\/\/www.ibermusicas.org\/index.php\/wp-json\/wp\/v2\/tags?post=26472"}],"curies":[{"name":"wp","href":"https:\/\/api.w.org\/{rel}","templated":true}]}}