{"id":26475,"date":"2025-10-14T20:25:36","date_gmt":"2025-10-14T20:25:36","guid":{"rendered":"https:\/\/www.ibermusicas.org\/?p=26475"},"modified":"2026-01-14T18:15:31","modified_gmt":"2026-01-14T18:15:31","slug":"el-coro-nacional-entrevoces-y-el-corona-ensemble-realizaran-en-cuba-el-estreno-de-las-obras-ganadoras-del-premio-ibermusicas-de-composicion-de-obra-coral-2024","status":"publish","type":"post","link":"https:\/\/www.ibermusicas.org\/index.php\/el-coro-nacional-entrevoces-y-el-corona-ensemble-realizaran-en-cuba-el-estreno-de-las-obras-ganadoras-del-premio-ibermusicas-de-composicion-de-obra-coral-2024\/","title":{"rendered":"El Coro Nacional Entrevoces y el Corona Ensemble realizar\u00e1n en Cuba el estreno de las obras ganadoras del Premio Iberm\u00fasicas de composici\u00f3n de obra coral &#8211; 2024"},"content":{"rendered":"\n<p>En sendas funciones especiales el Coro Nacional Entrevoces dirigido por la&nbsp; maestra Digna Guerra y el Corona Ensemble,&nbsp; octeto dirigido por la maestra Beatriz Corona estrenar\u00e1n las siete obras premiadas en la edici\u00f3n 2024 del Premio Iberm\u00fasicas de composici\u00f3n de obra coral.<\/p>\n\n\n\n<p>El a\u00f1o pasado, Incentivando la creaci\u00f3n musical con absoluta libertad creativa, Iberm\u00fasicas propuso una nueva edici\u00f3n de sus concursos de creaci\u00f3n de obra acad\u00e9mica, en este caso orientado espec\u00edficamente hacia la creaci\u00f3n de nuevas obras corales.<\/p>\n\n\n\n<p>Este concurso ha tenido como prop\u00f3sito impulsar y promover la creaci\u00f3n de m\u00fasica coral y contribuir as\u00ed a la ampliaci\u00f3n del repertorio iberoamericano. Se premi\u00f3 una obra por pa\u00eds con un monto de USD 2,500.00 y con el estreno de las obras.<\/p>\n\n\n\n<p>Las obras ganadoras fueron elegidas de entre las sesenta presentadas a concurso, tras un riguroso proceso de evaluaci\u00f3n y selecci\u00f3n realizado por un jurado que estuvo integrado por Mariana Rosas de Argentina, Diana Cifuentes de Colombia, Electra Castillo de Panam\u00e1 y \u00c1ngel Rengifo Mendoza de Venezuela.<\/p>\n\n\n\n<p>Entre el 28 de octubre y el 4 de noviembre, el Coro Nacional Entrevoces dirigido por la maestra Digna Guerra estrenar\u00e1, en el marco del Festival de Coros Electo Silva, las obras:<\/p>\n\n\n\n<ul class=\"wp-block-list\">\n<li>Cuando Suenen los Tambores de Daniel Mosquera &#8211; Ecuador<\/li>\n\n\n\n<li>El sue\u00f1o de un lugar de I. Josu\u00e9 Quintero A. &#8211; Panam\u00e1<\/li>\n\n\n\n<li>Ondas d&#8217;ultramar de Marc\u00edlio Onofre &#8211; Brasil<\/li>\n<\/ul>\n\n\n\n<p>El 19 de noviembre en la Bas\u00edlica San Francisco de As\u00eds el octeto Corona Ensamble, dirigido por la maestra Beatriz Corona estrenar\u00e1 las obras:<\/p>\n\n\n\n<ul class=\"wp-block-list\">\n<li>El Salto de Alvarado de Manuel Benito Hurtado Due\u00f1ez\u00a0 &#8211; Venezuela<\/li>\n\n\n\n<li>La dama del danz\u00f3n de Edgar G. Salzmann &#8211; M\u00e9xico<\/li>\n\n\n\n<li>Lalal\u00ed de Ismael Huerta &#8211; Chile<\/li>\n<\/ul>\n","protected":false},"excerpt":{"rendered":"<p>En sendas funciones especiales el Coro Nacional Entrevoces dirigido por la&nbsp; maestra Digna Guerra y el Corona Ensemble,&nbsp; octeto dirigido por la maestra Beatriz Corona estrenar\u00e1n las siete obras premiadas en la edici\u00f3n 2024 del Premio Iberm\u00fasicas de composici\u00f3n de obra coral. El a\u00f1o pasado, Incentivando la creaci\u00f3n musical con absoluta libertad creativa, Iberm\u00fasicas propuso [&hellip;]<\/p>\n","protected":false},"author":7,"featured_media":26476,"comment_status":"closed","ping_status":"closed","sticky":false,"template":"","format":"standard","meta":{"_monsterinsights_skip_tracking":false,"_monsterinsights_sitenote_active":false,"_monsterinsights_sitenote_note":"","_monsterinsights_sitenote_category":0,"footnotes":""},"categories":[53],"tags":[],"class_list":["post-26475","post","type-post","status-publish","format-standard","has-post-thumbnail","hentry","category-noticias-generales"],"lang":"es","translations":{"es":26475,"pt":26478},"pll_sync_post":[],"post_mailing_queue_ids":[],"_links":{"self":[{"href":"https:\/\/www.ibermusicas.org\/index.php\/wp-json\/wp\/v2\/posts\/26475","targetHints":{"allow":["GET"]}}],"collection":[{"href":"https:\/\/www.ibermusicas.org\/index.php\/wp-json\/wp\/v2\/posts"}],"about":[{"href":"https:\/\/www.ibermusicas.org\/index.php\/wp-json\/wp\/v2\/types\/post"}],"author":[{"embeddable":true,"href":"https:\/\/www.ibermusicas.org\/index.php\/wp-json\/wp\/v2\/users\/7"}],"replies":[{"embeddable":true,"href":"https:\/\/www.ibermusicas.org\/index.php\/wp-json\/wp\/v2\/comments?post=26475"}],"version-history":[{"count":1,"href":"https:\/\/www.ibermusicas.org\/index.php\/wp-json\/wp\/v2\/posts\/26475\/revisions"}],"predecessor-version":[{"id":26477,"href":"https:\/\/www.ibermusicas.org\/index.php\/wp-json\/wp\/v2\/posts\/26475\/revisions\/26477"}],"wp:featuredmedia":[{"embeddable":true,"href":"https:\/\/www.ibermusicas.org\/index.php\/wp-json\/wp\/v2\/media\/26476"}],"wp:attachment":[{"href":"https:\/\/www.ibermusicas.org\/index.php\/wp-json\/wp\/v2\/media?parent=26475"}],"wp:term":[{"taxonomy":"category","embeddable":true,"href":"https:\/\/www.ibermusicas.org\/index.php\/wp-json\/wp\/v2\/categories?post=26475"},{"taxonomy":"post_tag","embeddable":true,"href":"https:\/\/www.ibermusicas.org\/index.php\/wp-json\/wp\/v2\/tags?post=26475"}],"curies":[{"name":"wp","href":"https:\/\/api.w.org\/{rel}","templated":true}]}}