{"id":26478,"date":"2025-10-14T20:26:40","date_gmt":"2025-10-14T20:26:40","guid":{"rendered":"https:\/\/www.ibermusicas.org\/?p=26478"},"modified":"2026-02-26T12:58:37","modified_gmt":"2026-02-26T12:58:37","slug":"el-coro-nacional-entrevoces-y-el-corona-ensemble-realizaran-en-cuba-el-estreno-de-las-obras-ganadoras-del-premio-ibermusicas-de-composicion-de-obra-coral-2024-2","status":"publish","type":"post","link":"https:\/\/www.ibermusicas.org\/index.php\/el-coro-nacional-entrevoces-y-el-corona-ensemble-realizaran-en-cuba-el-estreno-de-las-obras-ganadoras-del-premio-ibermusicas-de-composicion-de-obra-coral-2024-2\/","title":{"rendered":"O Coro Nacional Entrevoces e o Corona Ensemble realizar\u00e3o em Cuba a estreia das obras vencedoras do Pr\u00eamio Iberm\u00fasicas de composi\u00e7\u00e3o coral &#8211; 2024"},"content":{"rendered":"\n<p><strong>O Coro Nacional Entrevoces e o Corona Ensemble realizar\u00e3o em Cuba a estreia das obras vencedoras do Pr\u00eamio Iberm\u00fasicas de composi\u00e7\u00e3o coral &#8211; 2024<\/strong><\/p>\n\n\n\n<p>Em apresenta\u00e7\u00f5es especiais, o Coro Nacional Entrevoces, dirigido pela maestrina Digna Guerra, e o Corona Ensemble, octeto dirigido pela maestra Beatriz Corona, estrearam as obras premiadas na edi\u00e7\u00e3o 2024 do Pr\u00eamio Iberm\u00fasicas de composi\u00e7\u00e3o coral.<\/p>\n\n\n\n<p>No ano passado, incentivando a cria\u00e7\u00e3o musical com absoluta liberdade criativa, o Iberm\u00fasicas prop\u00f4s uma nova edi\u00e7\u00e3o dos seus concursos de cria\u00e7\u00e3o de obras acad\u00e9micas, neste caso orientados especificamente para a cria\u00e7\u00e3o de novas obras corais.<\/p>\n\n\n\n<p>Este concurso teve como objetivo impulsionar e promover a cria\u00e7\u00e3o de m\u00fasica coral e contribuir assim para a amplia\u00e7\u00e3o do repert\u00f3rio ibero-americano. Foi premiada uma obra por pa\u00eds com um montante de 2.500,00 d\u00f3lares e com a estreia das obras.<\/p>\n\n\n\n<p>As obras vencedoras foram escolhidas entre as sessenta apresentadas ao concurso, ap\u00f3s um rigoroso processo de avalia\u00e7\u00e3o e sele\u00e7\u00e3o realizado por um j\u00fari composto por Mariana Rosas, da Argentina, Diana Cifuentes, da Col\u00f4mbia, Electra Castillo, do Panam\u00e1, e \u00c1ngel Rengifo Mendoza, da Venezuela.<\/p>\n\n\n\n<p>Entre 28 de outubro e 4 de novembro, o Coro Nacional Entrevoces, dirigido pela maestrina Digna Guerra, estrear\u00e1, no \u00e2mbito do Festival de Coros Electo Silva, as obras:<\/p>\n\n\n\n<ul class=\"wp-block-list\">\n<li>Cuando Suenen los Tambores, de Daniel Mosquera &#8211; Equador<\/li>\n\n\n\n<li>El sue\u00f1o de un lugar, de I. Josu\u00e9 Quintero A. &#8211; Panam\u00e1<\/li>\n\n\n\n<li>Ondas d&#8217;ultramar, de Marc\u00edlio Onofre &#8211; Brasil<\/li>\n<\/ul>\n\n\n\n<p>No dia 19 de novembro, na Bas\u00edlica de S\u00e3o Francisco de Assis, o octeto Corona Ensamble, dirigido pela maestrina Beatriz Corona, estrear\u00e1 as obras:<\/p>\n\n\n\n<ul class=\"wp-block-list\">\n<li>El Salto de Alvarado, de Manuel Benito Hurtado Due\u00f1ez &#8211; Venezuela<\/li>\n\n\n\n<li>La dama del danz\u00f3n, de Edgar G. Salzmann &#8211; M\u00e9xico<\/li>\n\n\n\n<li>Lalal\u00ed, de Ismael Huerta &#8211; Chile<\/li>\n<\/ul>\n","protected":false},"excerpt":{"rendered":"<p>O Coro Nacional Entrevoces e o Corona Ensemble realizar\u00e3o em Cuba a estreia das obras vencedoras do Pr\u00eamio Iberm\u00fasicas de composi\u00e7\u00e3o coral &#8211; 2024 Em apresenta\u00e7\u00f5es especiais, o Coro Nacional Entrevoces, dirigido pela maestrina Digna Guerra, e o Corona Ensemble, octeto dirigido pela maestra Beatriz Corona, estrearam as obras premiadas na edi\u00e7\u00e3o 2024 do Pr\u00eamio [&hellip;]<\/p>\n","protected":false},"author":7,"featured_media":26476,"comment_status":"closed","ping_status":"closed","sticky":false,"template":"","format":"standard","meta":{"_monsterinsights_skip_tracking":false,"_monsterinsights_sitenote_active":false,"_monsterinsights_sitenote_note":"","_monsterinsights_sitenote_category":0,"footnotes":""},"categories":[218],"tags":[],"class_list":["post-26478","post","type-post","status-publish","format-standard","has-post-thumbnail","hentry","category-noticias-generales-pt"],"lang":"pt","translations":{"pt":26478,"es":26475},"pll_sync_post":[],"post_mailing_queue_ids":[],"_links":{"self":[{"href":"https:\/\/www.ibermusicas.org\/index.php\/wp-json\/wp\/v2\/posts\/26478","targetHints":{"allow":["GET"]}}],"collection":[{"href":"https:\/\/www.ibermusicas.org\/index.php\/wp-json\/wp\/v2\/posts"}],"about":[{"href":"https:\/\/www.ibermusicas.org\/index.php\/wp-json\/wp\/v2\/types\/post"}],"author":[{"embeddable":true,"href":"https:\/\/www.ibermusicas.org\/index.php\/wp-json\/wp\/v2\/users\/7"}],"replies":[{"embeddable":true,"href":"https:\/\/www.ibermusicas.org\/index.php\/wp-json\/wp\/v2\/comments?post=26478"}],"version-history":[{"count":3,"href":"https:\/\/www.ibermusicas.org\/index.php\/wp-json\/wp\/v2\/posts\/26478\/revisions"}],"predecessor-version":[{"id":26619,"href":"https:\/\/www.ibermusicas.org\/index.php\/wp-json\/wp\/v2\/posts\/26478\/revisions\/26619"}],"wp:featuredmedia":[{"embeddable":true,"href":"https:\/\/www.ibermusicas.org\/index.php\/wp-json\/wp\/v2\/media\/26476"}],"wp:attachment":[{"href":"https:\/\/www.ibermusicas.org\/index.php\/wp-json\/wp\/v2\/media?parent=26478"}],"wp:term":[{"taxonomy":"category","embeddable":true,"href":"https:\/\/www.ibermusicas.org\/index.php\/wp-json\/wp\/v2\/categories?post=26478"},{"taxonomy":"post_tag","embeddable":true,"href":"https:\/\/www.ibermusicas.org\/index.php\/wp-json\/wp\/v2\/tags?post=26478"}],"curies":[{"name":"wp","href":"https:\/\/api.w.org\/{rel}","templated":true}]}}