{"id":26493,"date":"2025-10-14T20:33:16","date_gmt":"2025-10-14T20:33:16","guid":{"rendered":"https:\/\/www.ibermusicas.org\/?p=26493"},"modified":"2026-01-14T18:15:23","modified_gmt":"2026-01-14T18:15:23","slug":"la-brass-band-colombiana-papayerbrass-realizara-una-extensa-gira-europea","status":"publish","type":"post","link":"https:\/\/www.ibermusicas.org\/index.php\/la-brass-band-colombiana-papayerbrass-realizara-una-extensa-gira-europea\/","title":{"rendered":"La brass band colombiana Papayerbrass realizar\u00e1 una extensa gira europea"},"content":{"rendered":"\n<p>Papayebrass es una brass band colombiana integrada por ocho m\u00fasicos. Su nombre es una fusi\u00f3n de las \u201cpapayeras\u201d bandas de vientos del caribe colombiano y las \u201cbrass band\u201d norteamericanas con sonidos caracter\u00edsticos como la champeta, el compa, el fandango, cumbias, disco y son corrido.<\/p>\n\n\n\n<p>Esta propuesta musical refleja una mezcla de ritmos colombianos y sonidos modernos. Han recorrido importantes escenarios en Colombia, como Carnaval internacional de las Artes en Barranquilla y el festival Jazz al Parque en Bogot\u00e1, adem\u00e1s, de ganar el BUM BUM Sessions (2023). Tambi\u00e9n llevaron su m\u00fasica al Bogot\u00e1 Music Market (BOmm), el TEDx&nbsp; Barranquilla y diversos festivales a nivel nacional. Durante el verano de 2024 realizaron una gira por Europa en pa\u00edses como ltalia, Holanda, Suiza, B\u00e9lgica y Austria. Tambi\u00e9n han sido parte del documental \u201cLa Ruta del Magdalena\u201d de RTVC.<\/p>\n\n\n\n<p>Entre octubre y noviembre realizar\u00e1n una gira europea que incluir\u00e1 presentaciones en Dinamarca, El Reino Unido y Espa\u00f1a. Esta gira europea de Papayebrass es posible gracias al apoyo del Programa Iberm\u00fasicas mediante su l\u00ednea de \u201cAyuda a la circulaci\u00f3n de profesionales de la m\u00fasica\u201d, convocatoria 2024.<\/p>\n\n\n\n<ul class=\"wp-block-list\">\n<li>29 de octubre \u2013 2 de noviembre: Residencia art\u00edstica con Ahnans\u00e9 en Midi Music Company, Londres, Reino Unido<\/li>\n\n\n\n<li>29 de octubre: Sesi\u00f3n #SDWEEKLY con Ahnans\u00e9 \u2013 Steam Down Weekly Session, Londres, Reino Unido<\/li>\n\n\n\n<li>3 de noviembre: Concierto en The Breakout Club Special en Fox &amp; Firkin, Londres, Reino Unido.<\/li>\n\n\n\n<li>8 de noviembre: Concierto en el Resonator Festival Odense, Dinamarca<\/li>\n\n\n\n<li>9 de noviembre:\u00a0 ALICE, Copenhague, Dinamarca<\/li>\n\n\n\n<li>Del 10 al 21 de noviembre: Residencia en La Fabra, Barcelona, Espa\u00f1a<\/li>\n<\/ul>\n\n\n\n<p>22 de noviembre: Concierto en La Parceria, Madrid, Espa\u00f1a<\/p>\n","protected":false},"excerpt":{"rendered":"<p>Papayebrass es una brass band colombiana integrada por ocho m\u00fasicos. Su nombre es una fusi\u00f3n de las \u201cpapayeras\u201d bandas de vientos del caribe colombiano y las \u201cbrass band\u201d norteamericanas con sonidos caracter\u00edsticos como la champeta, el compa, el fandango, cumbias, disco y son corrido. Esta propuesta musical refleja una mezcla de ritmos colombianos y sonidos [&hellip;]<\/p>\n","protected":false},"author":7,"featured_media":26503,"comment_status":"closed","ping_status":"closed","sticky":false,"template":"","format":"standard","meta":{"_monsterinsights_skip_tracking":false,"_monsterinsights_sitenote_active":false,"_monsterinsights_sitenote_note":"","_monsterinsights_sitenote_category":0,"footnotes":""},"categories":[53],"tags":[],"class_list":["post-26493","post","type-post","status-publish","format-standard","has-post-thumbnail","hentry","category-noticias-generales"],"lang":"es","translations":{"es":26493,"pt":26496},"pll_sync_post":[],"post_mailing_queue_ids":[],"_links":{"self":[{"href":"https:\/\/www.ibermusicas.org\/index.php\/wp-json\/wp\/v2\/posts\/26493","targetHints":{"allow":["GET"]}}],"collection":[{"href":"https:\/\/www.ibermusicas.org\/index.php\/wp-json\/wp\/v2\/posts"}],"about":[{"href":"https:\/\/www.ibermusicas.org\/index.php\/wp-json\/wp\/v2\/types\/post"}],"author":[{"embeddable":true,"href":"https:\/\/www.ibermusicas.org\/index.php\/wp-json\/wp\/v2\/users\/7"}],"replies":[{"embeddable":true,"href":"https:\/\/www.ibermusicas.org\/index.php\/wp-json\/wp\/v2\/comments?post=26493"}],"version-history":[{"count":1,"href":"https:\/\/www.ibermusicas.org\/index.php\/wp-json\/wp\/v2\/posts\/26493\/revisions"}],"predecessor-version":[{"id":26495,"href":"https:\/\/www.ibermusicas.org\/index.php\/wp-json\/wp\/v2\/posts\/26493\/revisions\/26495"}],"wp:featuredmedia":[{"embeddable":true,"href":"https:\/\/www.ibermusicas.org\/index.php\/wp-json\/wp\/v2\/media\/26503"}],"wp:attachment":[{"href":"https:\/\/www.ibermusicas.org\/index.php\/wp-json\/wp\/v2\/media?parent=26493"}],"wp:term":[{"taxonomy":"category","embeddable":true,"href":"https:\/\/www.ibermusicas.org\/index.php\/wp-json\/wp\/v2\/categories?post=26493"},{"taxonomy":"post_tag","embeddable":true,"href":"https:\/\/www.ibermusicas.org\/index.php\/wp-json\/wp\/v2\/tags?post=26493"}],"curies":[{"name":"wp","href":"https:\/\/api.w.org\/{rel}","templated":true}]}}