{"id":26496,"date":"2025-10-14T20:34:34","date_gmt":"2025-10-14T20:34:34","guid":{"rendered":"https:\/\/www.ibermusicas.org\/?p=26496"},"modified":"2026-02-26T12:58:29","modified_gmt":"2026-02-26T12:58:29","slug":"a-banda-colombiana-papayerbrass-realizara-uma-extensa-turne-pela-europa","status":"publish","type":"post","link":"https:\/\/www.ibermusicas.org\/index.php\/a-banda-colombiana-papayerbrass-realizara-uma-extensa-turne-pela-europa\/","title":{"rendered":"A banda colombiana Papayerbrass realizar\u00e1 uma extensa turn\u00ea pela Europa"},"content":{"rendered":"\n<p>Papayebrass \u00e9 uma banda colombiana composta por oito m\u00fasicos. Seu nome \u00e9 uma fus\u00e3o das bandas de sopro \u201cpapayeras\u201d do Caribe colombiano e das bandas americanas \u201cbrass band\u201d, com sons caracter\u00edsticos como champeta, compa, fandango, cumbias, disco e son corrido.<\/p>\n\n\n\n<p>Esta proposta musical reflete uma mistura de ritmos colombianos e sons modernos. Eles j\u00e1 se apresentaram em importantes palcos da Col\u00f4mbia, como o Carnaval Internacional das Artes em Barranquilla e o festival Jazz al Parque em Bogot\u00e1, al\u00e9m de terem vencido o BUM BUM Sessions (2023). Eles tamb\u00e9m levaram sua m\u00fasica ao Bogot\u00e1 Music Market (BOmm), ao TEDx Barranquilla e a diversos festivais em n\u00edvel nacional. Durante o ver\u00e3o de 2024, realizaram uma turn\u00ea pela Europa em pa\u00edses como It\u00e1lia, Holanda, Su\u00ed\u00e7a, B\u00e9lgica e \u00c1ustria. Tamb\u00e9m participaram do document\u00e1rio \u201cLa Ruta del Magdalena\u201d da RTVC.<\/p>\n\n\n\n<p>Entre outubro e novembro, realizar\u00e3o uma turn\u00ea europeia que incluir\u00e1 apresenta\u00e7\u00f5es na Dinamarca, Reino Unido e Espanha. Esta turn\u00ea europeia do Papayebrass \u00e9 poss\u00edvel gra\u00e7as ao apoio do Programa Iberm\u00fasicas atrav\u00e9s de sua linha de \u201cAjuda \u00e0 circula\u00e7\u00e3o de profissionais da m\u00fasica\u201d, convocat\u00f3ria 2024.<\/p>\n\n\n\n<ul class=\"wp-block-list\">\n<li>29 de outubro \u2013 2 de novembro: Resid\u00eancia art\u00edstica com Ahnans\u00e9 na Midi Music Company, Londres, Reino Unido<\/li>\n\n\n\n<li>29 de outubro: Sess\u00e3o #SDWEEKLY com Ahnans\u00e9 \u2013 Steam Down Weekly Session, Londres, Reino Unido<\/li>\n\n\n\n<li>3 de novembro: Concerto no The Breakout Club Special no Fox &amp; Firkin, Londres, Reino Unido.<\/li>\n\n\n\n<li>8 de novembro: Concerto no Resonator Festival Odense, Dinamarca<\/li>\n\n\n\n<li>9 de novembro: ALICE, Copenhague, Dinamarca<\/li>\n\n\n\n<li>De 10 a 21 de novembro: Resid\u00eancia em La Fabra, Barcelona, Espanha<\/li>\n\n\n\n<li>22 de novembro: Concerto no La Parceria, Madri, Espanha<\/li>\n<\/ul>\n\n\n\n<p><\/p>\n","protected":false},"excerpt":{"rendered":"<p>Papayebrass \u00e9 uma banda colombiana composta por oito m\u00fasicos. Seu nome \u00e9 uma fus\u00e3o das bandas de sopro \u201cpapayeras\u201d do Caribe colombiano e das bandas americanas \u201cbrass band\u201d, com sons caracter\u00edsticos como champeta, compa, fandango, cumbias, disco e son corrido. Esta proposta musical reflete uma mistura de ritmos colombianos e sons modernos. Eles j\u00e1 se [&hellip;]<\/p>\n","protected":false},"author":7,"featured_media":26505,"comment_status":"closed","ping_status":"closed","sticky":false,"template":"","format":"standard","meta":{"_monsterinsights_skip_tracking":false,"_monsterinsights_sitenote_active":false,"_monsterinsights_sitenote_note":"","_monsterinsights_sitenote_category":0,"footnotes":""},"categories":[218],"tags":[],"class_list":["post-26496","post","type-post","status-publish","format-standard","has-post-thumbnail","hentry","category-noticias-generales-pt"],"lang":"pt","translations":{"pt":26496,"es":26493},"pll_sync_post":[],"post_mailing_queue_ids":[],"_links":{"self":[{"href":"https:\/\/www.ibermusicas.org\/index.php\/wp-json\/wp\/v2\/posts\/26496","targetHints":{"allow":["GET"]}}],"collection":[{"href":"https:\/\/www.ibermusicas.org\/index.php\/wp-json\/wp\/v2\/posts"}],"about":[{"href":"https:\/\/www.ibermusicas.org\/index.php\/wp-json\/wp\/v2\/types\/post"}],"author":[{"embeddable":true,"href":"https:\/\/www.ibermusicas.org\/index.php\/wp-json\/wp\/v2\/users\/7"}],"replies":[{"embeddable":true,"href":"https:\/\/www.ibermusicas.org\/index.php\/wp-json\/wp\/v2\/comments?post=26496"}],"version-history":[{"count":2,"href":"https:\/\/www.ibermusicas.org\/index.php\/wp-json\/wp\/v2\/posts\/26496\/revisions"}],"predecessor-version":[{"id":26498,"href":"https:\/\/www.ibermusicas.org\/index.php\/wp-json\/wp\/v2\/posts\/26496\/revisions\/26498"}],"wp:featuredmedia":[{"embeddable":true,"href":"https:\/\/www.ibermusicas.org\/index.php\/wp-json\/wp\/v2\/media\/26505"}],"wp:attachment":[{"href":"https:\/\/www.ibermusicas.org\/index.php\/wp-json\/wp\/v2\/media?parent=26496"}],"wp:term":[{"taxonomy":"category","embeddable":true,"href":"https:\/\/www.ibermusicas.org\/index.php\/wp-json\/wp\/v2\/categories?post=26496"},{"taxonomy":"post_tag","embeddable":true,"href":"https:\/\/www.ibermusicas.org\/index.php\/wp-json\/wp\/v2\/tags?post=26496"}],"curies":[{"name":"wp","href":"https:\/\/api.w.org\/{rel}","templated":true}]}}