{"id":26738,"date":"2025-10-27T14:17:11","date_gmt":"2025-10-27T14:17:11","guid":{"rendered":"https:\/\/www.ibermusicas.org\/?p=26738"},"modified":"2025-10-27T14:17:36","modified_gmt":"2025-10-27T14:17:36","slug":"javiera-hunfan-la-vida-y-obra-de-manoel-malaquias-da-silva-2","status":"publish","type":"post","link":"https:\/\/www.ibermusicas.org\/index.php\/javiera-hunfan-la-vida-y-obra-de-manoel-malaquias-da-silva-2\/","title":{"rendered":"Javiera Hunfan &#8211; La Vida y Obra de Manoel Malaquias Da Silva"},"content":{"rendered":"\n<p><em>Esta investigaci\u00f3n realizada por la clarinetista chilena Javiera Hunfan, se basa en la vida y la obra in\u00e9dita del compositor, clarinetista y director de banda de comienzos del siglo XX Manuel Malaqu\u00edas, nacido en 1894 en R\u00edo de Janeiro, quien a pesar de haber sido olvidado o subestimado, es responsable por haber contribuido al desarrollo de la identidad cultural brasile\u00f1a con m\u00e1s de 150 obras enmarcadas dentro del g\u00e9nero del Choro.<\/em><\/p>\n\n\n\n<p><a href=\"https:\/\/www.ibermusicas.org\/wp-content\/uploads\/2025\/10\/La-Vida-y-Obra-de-Malaquias.pdf\" target=\"_blank\" rel=\"noreferrer noopener\">Descargar aqui<\/a><\/p>\n","protected":false},"excerpt":{"rendered":"<p>Esta investigaci\u00f3n realizada por la clarinetista chilena Javiera Hunfan, se basa en la vida y la obra in\u00e9dita del compositor, clarinetista y director de banda de comienzos del siglo XX Manuel Malaqu\u00edas, nacido en 1894 en R\u00edo de Janeiro, quien a pesar de haber sido olvidado o subestimado, es responsable por haber contribuido al desarrollo [&hellip;]<\/p>\n","protected":false},"author":7,"featured_media":26733,"comment_status":"closed","ping_status":"closed","sticky":false,"template":"","format":"standard","meta":{"_monsterinsights_skip_tracking":false,"_monsterinsights_sitenote_active":false,"_monsterinsights_sitenote_note":"","_monsterinsights_sitenote_category":0,"footnotes":""},"categories":[212],"tags":[1702,172],"class_list":["post-26738","post","type-post","status-publish","format-standard","has-post-thumbnail","hentry","category-investigacion-musical-pt","tag-2024___es-pt","tag-chile-pt"],"lang":"pt","translations":{"pt":26738,"es":26732},"pll_sync_post":[],"post_mailing_queue_ids":[],"_links":{"self":[{"href":"https:\/\/www.ibermusicas.org\/index.php\/wp-json\/wp\/v2\/posts\/26738","targetHints":{"allow":["GET"]}}],"collection":[{"href":"https:\/\/www.ibermusicas.org\/index.php\/wp-json\/wp\/v2\/posts"}],"about":[{"href":"https:\/\/www.ibermusicas.org\/index.php\/wp-json\/wp\/v2\/types\/post"}],"author":[{"embeddable":true,"href":"https:\/\/www.ibermusicas.org\/index.php\/wp-json\/wp\/v2\/users\/7"}],"replies":[{"embeddable":true,"href":"https:\/\/www.ibermusicas.org\/index.php\/wp-json\/wp\/v2\/comments?post=26738"}],"version-history":[{"count":1,"href":"https:\/\/www.ibermusicas.org\/index.php\/wp-json\/wp\/v2\/posts\/26738\/revisions"}],"predecessor-version":[{"id":26739,"href":"https:\/\/www.ibermusicas.org\/index.php\/wp-json\/wp\/v2\/posts\/26738\/revisions\/26739"}],"wp:featuredmedia":[{"embeddable":true,"href":"https:\/\/www.ibermusicas.org\/index.php\/wp-json\/wp\/v2\/media\/26733"}],"wp:attachment":[{"href":"https:\/\/www.ibermusicas.org\/index.php\/wp-json\/wp\/v2\/media?parent=26738"}],"wp:term":[{"taxonomy":"category","embeddable":true,"href":"https:\/\/www.ibermusicas.org\/index.php\/wp-json\/wp\/v2\/categories?post=26738"},{"taxonomy":"post_tag","embeddable":true,"href":"https:\/\/www.ibermusicas.org\/index.php\/wp-json\/wp\/v2\/tags?post=26738"}],"curies":[{"name":"wp","href":"https:\/\/api.w.org\/{rel}","templated":true}]}}