{"id":26863,"date":"2025-11-14T16:35:37","date_gmt":"2025-11-14T16:35:37","guid":{"rendered":"https:\/\/www.ibermusicas.org\/?p=26863"},"modified":"2026-01-14T18:14:23","modified_gmt":"2026-01-14T18:14:23","slug":"la-orquesta-egc-de-chile-se-presentara-en-el-v-festival-internacional-sonamos-latinoamerica-de-ribeirao-preto-san-pablo-brasil","status":"publish","type":"post","link":"https:\/\/www.ibermusicas.org\/index.php\/la-orquesta-egc-de-chile-se-presentara-en-el-v-festival-internacional-sonamos-latinoamerica-de-ribeirao-preto-san-pablo-brasil\/","title":{"rendered":"La orquesta EgC de Chile se presentar\u00e1 en el V Festival Internacional Sonamos Latinoam\u00e9rica de Ribeir\u00e3o Preto, San Pablo, Brasil"},"content":{"rendered":"\n<p>La Orquesta EgC tiene una historia de 24 a\u00f1os y desde el 2014 est\u00e1 a cargo de su actual Director el Profesor de M\u00fasica, Doctor en Musicolog\u00eda y Ed. Musical, compositor y gestor Cultural Alejandro Torres Farf\u00e1n, quien ha trabajado en la elaboraci\u00f3n de un repertorio original que da cuenta de una identidad propia del conjunto como Orquesta. Es as\u00ed como el repertorio est\u00e1 cimentado sobre la base de m\u00fasicas de Chile y Latinoam\u00e9rica, con arreglos y composiciones exclusivas para la Orquesta, incorporando a la formaci\u00f3n cl\u00e1sica de Orquesta Sinf\u00f3nica instrumentos y sonoridades propias de la M\u00fasica Latinoamericana Chilena y Popular. La Orquesta en la actualidad est\u00e1 formada por alumnos del Colegio Bicentenario de M\u00fasica Juan Sebasti\u00e1n Bach de Valdivia, Chile y ha participado en diversos conciertos de extensi\u00f3n tanto a nivel nacional como internacional.<\/p>\n\n\n\n<p>El V Festival Internacional Sonamos Latinoam\u00e9rica de Ribeir\u00e3o Preto-SP-Brasil, pone especial \u00e9nfasis en el rescate, reconocimiento y validaci\u00f3n de las m\u00fasicas de ra\u00edz latinoamericana respetando las manifestaciones ancestrales y creando espacios para la composici\u00f3n y&nbsp; procurando, con la presencia en el escenario de artistas nacionales e internacionales, honrar su multiplicidad, permitiendo la interacci\u00f3n y la interculturalidad buscando expresar las m\u00e1s puras manifestaciones personales y sociales.<\/p>\n\n\n\n<p>Esta gira de la orquesta EgC cuenta con el apoyo del Programa Iberm\u00fasicas mediante su l\u00ednea de \u201cAyuda a la circulaci\u00f3n de profesionales de la m\u00fasica\u201d, convocatoria 2024, sumado a la ayuda brindada de parte de las familias de los integrantes de la&nbsp; orquesta.<\/p>\n\n\n\n<ul class=\"wp-block-list\">\n<li>17 de noviembre en Riberirao-Preto, Brasil<\/li>\n<\/ul>\n","protected":false},"excerpt":{"rendered":"<p>La Orquesta EgC tiene una historia de 24 a\u00f1os y desde el 2014 est\u00e1 a cargo de su actual Director el Profesor de M\u00fasica, Doctor en Musicolog\u00eda y Ed. Musical, compositor y gestor Cultural Alejandro Torres Farf\u00e1n, quien ha trabajado en la elaboraci\u00f3n de un repertorio original que da cuenta de una identidad propia del [&hellip;]<\/p>\n","protected":false},"author":7,"featured_media":26864,"comment_status":"closed","ping_status":"closed","sticky":false,"template":"","format":"standard","meta":{"_monsterinsights_skip_tracking":false,"_monsterinsights_sitenote_active":false,"_monsterinsights_sitenote_note":"","_monsterinsights_sitenote_category":0,"footnotes":""},"categories":[53],"tags":[],"class_list":["post-26863","post","type-post","status-publish","format-standard","has-post-thumbnail","hentry","category-noticias-generales"],"lang":"es","translations":{"es":26863,"pt":26866},"pll_sync_post":[],"post_mailing_queue_ids":[],"_links":{"self":[{"href":"https:\/\/www.ibermusicas.org\/index.php\/wp-json\/wp\/v2\/posts\/26863","targetHints":{"allow":["GET"]}}],"collection":[{"href":"https:\/\/www.ibermusicas.org\/index.php\/wp-json\/wp\/v2\/posts"}],"about":[{"href":"https:\/\/www.ibermusicas.org\/index.php\/wp-json\/wp\/v2\/types\/post"}],"author":[{"embeddable":true,"href":"https:\/\/www.ibermusicas.org\/index.php\/wp-json\/wp\/v2\/users\/7"}],"replies":[{"embeddable":true,"href":"https:\/\/www.ibermusicas.org\/index.php\/wp-json\/wp\/v2\/comments?post=26863"}],"version-history":[{"count":1,"href":"https:\/\/www.ibermusicas.org\/index.php\/wp-json\/wp\/v2\/posts\/26863\/revisions"}],"predecessor-version":[{"id":26865,"href":"https:\/\/www.ibermusicas.org\/index.php\/wp-json\/wp\/v2\/posts\/26863\/revisions\/26865"}],"wp:featuredmedia":[{"embeddable":true,"href":"https:\/\/www.ibermusicas.org\/index.php\/wp-json\/wp\/v2\/media\/26864"}],"wp:attachment":[{"href":"https:\/\/www.ibermusicas.org\/index.php\/wp-json\/wp\/v2\/media?parent=26863"}],"wp:term":[{"taxonomy":"category","embeddable":true,"href":"https:\/\/www.ibermusicas.org\/index.php\/wp-json\/wp\/v2\/categories?post=26863"},{"taxonomy":"post_tag","embeddable":true,"href":"https:\/\/www.ibermusicas.org\/index.php\/wp-json\/wp\/v2\/tags?post=26863"}],"curies":[{"name":"wp","href":"https:\/\/api.w.org\/{rel}","templated":true}]}}