{"id":26866,"date":"2025-11-14T16:38:09","date_gmt":"2025-11-14T16:38:09","guid":{"rendered":"https:\/\/www.ibermusicas.org\/?p=26866"},"modified":"2026-02-26T12:57:10","modified_gmt":"2026-02-26T12:57:10","slug":"a-orquestra-egc-do-chile-se-apresentara-no-v-festival-internacional-sonamos-latinoamerica-de-ribeirao-sao-paulo-brasil","status":"publish","type":"post","link":"https:\/\/www.ibermusicas.org\/index.php\/a-orquestra-egc-do-chile-se-apresentara-no-v-festival-internacional-sonamos-latinoamerica-de-ribeirao-sao-paulo-brasil\/","title":{"rendered":"A Orquestra EgC do Chile se apresentar\u00e1 no V Festival Internacional Sonamos Latinoam\u00e9rica de Ribeir\u00e3o, S\u00e3o Paulo, Brasil"},"content":{"rendered":"\n<p>A Orquestra EgC possui uma hist\u00f3ria de 24 anos e, desde 2014, \u00e9 dirigida pelo seu atual diretor, o professor de m\u00fasica, doutor em musicologia e educa\u00e7\u00e3o musical, compositor e gestor cultural Alejandro Torres Farf\u00e1n, que tem trabalhado na elabora\u00e7\u00e3o de um repert\u00f3rio original que reflete a identidade pr\u00f3pria do conjunto como orquestra. Assim, o repert\u00f3rio \u00e9 baseado em m\u00fasicas do Chile e da Am\u00e9rica Latina, com arranjos e composi\u00e7\u00f5es exclusivas para a Orquestra, incorporando \u00e0 forma\u00e7\u00e3o cl\u00e1ssica da Orquestra Sinf\u00f4nica instrumentos e sonoridades pr\u00f3prias da m\u00fasica latino-americana chilena e popular. Atualmente, a orquestra \u00e9 formada por alunos do Col\u00e9gio Bicenten\u00e1rio de M\u00fasica Juan Sebasti\u00e1n Bach de Valdivia, Chile, e j\u00e1 participou de diversos concertos de extens\u00e3o, tanto a n\u00edvel nacional como internacional.<\/p>\n\n\n\n<p>O V Festival Internacional Sonamos Latinoam\u00e9rica de Ribeir\u00e3o Preto -SP-Brasil, d\u00e1 \u00eanfase especial ao resgate, reconhecimento e valida\u00e7\u00e3o das m\u00fasicas de raiz latino-americana, respeitando as manifesta\u00e7\u00f5es ancestrais e criando espa\u00e7os para a composi\u00e7\u00e3o e procurando, com a presen\u00e7a no palco de artistas nacionais e internacionais, honrar sua multiplicidade, permitindo a intera\u00e7\u00e3o e a interculturalidade, buscando expressar as mais puras manifesta\u00e7\u00f5es pessoais e sociais.<\/p>\n\n\n\n<p>Esta turn\u00ea da orquestra EgC conta com o apoio do Programa Iberm\u00fasicas por meio de sua linha de \u201capoio \u00e0 circula\u00e7\u00e3o de profissionais da m\u00fasica\u201d, convocat\u00f3ria 2024, somado \u00e0 ajuda prestada pelas fam\u00edlias dos integrantes da orquestra.<\/p>\n\n\n\n<ul class=\"wp-block-list\">\n<li>17 de novembro em Ribeir\u00e3o Preto, Brasil<\/li>\n<\/ul>\n\n\n\n<p><\/p>\n","protected":false},"excerpt":{"rendered":"<p>A Orquestra EgC possui uma hist\u00f3ria de 24 anos e, desde 2014, \u00e9 dirigida pelo seu atual diretor, o professor de m\u00fasica, doutor em musicologia e educa\u00e7\u00e3o musical, compositor e gestor cultural Alejandro Torres Farf\u00e1n, que tem trabalhado na elabora\u00e7\u00e3o de um repert\u00f3rio original que reflete a identidade pr\u00f3pria do conjunto como orquestra. Assim, o [&hellip;]<\/p>\n","protected":false},"author":7,"featured_media":26864,"comment_status":"closed","ping_status":"closed","sticky":false,"template":"","format":"standard","meta":{"_monsterinsights_skip_tracking":false,"_monsterinsights_sitenote_active":false,"_monsterinsights_sitenote_note":"","_monsterinsights_sitenote_category":0,"footnotes":""},"categories":[218],"tags":[],"class_list":["post-26866","post","type-post","status-publish","format-standard","has-post-thumbnail","hentry","category-noticias-generales-pt"],"lang":"pt","translations":{"pt":26866,"es":26863},"pll_sync_post":[],"post_mailing_queue_ids":[],"_links":{"self":[{"href":"https:\/\/www.ibermusicas.org\/index.php\/wp-json\/wp\/v2\/posts\/26866","targetHints":{"allow":["GET"]}}],"collection":[{"href":"https:\/\/www.ibermusicas.org\/index.php\/wp-json\/wp\/v2\/posts"}],"about":[{"href":"https:\/\/www.ibermusicas.org\/index.php\/wp-json\/wp\/v2\/types\/post"}],"author":[{"embeddable":true,"href":"https:\/\/www.ibermusicas.org\/index.php\/wp-json\/wp\/v2\/users\/7"}],"replies":[{"embeddable":true,"href":"https:\/\/www.ibermusicas.org\/index.php\/wp-json\/wp\/v2\/comments?post=26866"}],"version-history":[{"count":2,"href":"https:\/\/www.ibermusicas.org\/index.php\/wp-json\/wp\/v2\/posts\/26866\/revisions"}],"predecessor-version":[{"id":26868,"href":"https:\/\/www.ibermusicas.org\/index.php\/wp-json\/wp\/v2\/posts\/26866\/revisions\/26868"}],"wp:featuredmedia":[{"embeddable":true,"href":"https:\/\/www.ibermusicas.org\/index.php\/wp-json\/wp\/v2\/media\/26864"}],"wp:attachment":[{"href":"https:\/\/www.ibermusicas.org\/index.php\/wp-json\/wp\/v2\/media?parent=26866"}],"wp:term":[{"taxonomy":"category","embeddable":true,"href":"https:\/\/www.ibermusicas.org\/index.php\/wp-json\/wp\/v2\/categories?post=26866"},{"taxonomy":"post_tag","embeddable":true,"href":"https:\/\/www.ibermusicas.org\/index.php\/wp-json\/wp\/v2\/tags?post=26866"}],"curies":[{"name":"wp","href":"https:\/\/api.w.org\/{rel}","templated":true}]}}