{"id":26909,"date":"2025-11-25T15:01:27","date_gmt":"2025-11-25T15:01:27","guid":{"rendered":"https:\/\/www.ibermusicas.org\/?p=26909"},"modified":"2025-11-25T15:01:29","modified_gmt":"2025-11-25T15:01:29","slug":"compartimos-la-publicacion-de-programas-iberoamericanos-de-cooperacion-cultural-dialogo-solidaridad-e-incidencia-para-las-politicas-culturales-en-iberoamerica","status":"publish","type":"post","link":"https:\/\/www.ibermusicas.org\/index.php\/compartimos-la-publicacion-de-programas-iberoamericanos-de-cooperacion-cultural-dialogo-solidaridad-e-incidencia-para-las-politicas-culturales-en-iberoamerica\/","title":{"rendered":"Compartimos la publicaci\u00f3n de \u201cProgramas Iberoamericanos de Cooperaci\u00f3n Cultural &#8211; Di\u00e1logo, solidaridad e incidencia para las pol\u00edticas culturales en Iberoam\u00e9rica"},"content":{"rendered":"\n<p>Este breve ensayo presenta una reflexi\u00f3n sobre los principales desaf\u00edos y oportunidades que enfrentan los Programas Iberoamericanos de Cooperaci\u00f3n Cultural, coordinados por la Secretar\u00eda General Iberoamericana (SEGIB) en el marco del Espacio Cultural Iberoamericano. Estos programas constituyen una herramienta estrat\u00e9gica de cooperaci\u00f3n internacional que impulsa la construcci\u00f3n de pol\u00edticas culturales regionales y, simult\u00e1neamente, contribuye al fortalecimiento y la retroalimentaci\u00f3n de las pol\u00edticas culturales nacionales. Asimismo, el texto identifica elementos clave para comprender el funcionamiento del sistema iberoamericano de cooperaci\u00f3n cultural en un contexto global caracterizado por crisis multinivel \u2014transformaciones geopol\u00edticas, profundizaci\u00f3n de desigualdades y emergencia clim\u00e1tica\u2014 y analiza de qu\u00e9 manera la cooperaci\u00f3n puede ofrecer capacidad de respuesta, acompa\u00f1amiento institucional y generaci\u00f3n de oportunidades.<\/p>\n\n\n\n<p><\/p>\n\n\n\n<p><a href=\"https:\/\/www.ibermusicas.org\/wp-content\/uploads\/2025\/11\/Publicacion-Programas-soltas.pdf\" data-type=\"link\" data-id=\"https:\/\/www.ibermusicas.org\/wp-content\/uploads\/2025\/11\/Publicacion-Programas-soltas.pdf\" target=\"_blank\" rel=\"noreferrer noopener\">Ensayo disponible<\/a><\/p>\n","protected":false},"excerpt":{"rendered":"<p>Este breve ensayo presenta una reflexi\u00f3n sobre los principales desaf\u00edos y oportunidades que enfrentan los Programas Iberoamericanos de Cooperaci\u00f3n Cultural, coordinados por la Secretar\u00eda General Iberoamericana (SEGIB) en el marco del Espacio Cultural Iberoamericano. Estos programas constituyen una herramienta estrat\u00e9gica de cooperaci\u00f3n internacional que impulsa la construcci\u00f3n de pol\u00edticas culturales regionales y, simult\u00e1neamente, contribuye al [&hellip;]<\/p>\n","protected":false},"author":7,"featured_media":26910,"comment_status":"closed","ping_status":"closed","sticky":false,"template":"","format":"standard","meta":{"_monsterinsights_skip_tracking":false,"_monsterinsights_sitenote_active":false,"_monsterinsights_sitenote_note":"","_monsterinsights_sitenote_category":0,"footnotes":""},"categories":[54],"tags":[],"class_list":["post-26909","post","type-post","status-publish","format-standard","has-post-thumbnail","hentry","category-investigacion-musical"],"lang":"es","translations":{"es":26909},"pll_sync_post":[],"post_mailing_queue_ids":[],"_links":{"self":[{"href":"https:\/\/www.ibermusicas.org\/index.php\/wp-json\/wp\/v2\/posts\/26909","targetHints":{"allow":["GET"]}}],"collection":[{"href":"https:\/\/www.ibermusicas.org\/index.php\/wp-json\/wp\/v2\/posts"}],"about":[{"href":"https:\/\/www.ibermusicas.org\/index.php\/wp-json\/wp\/v2\/types\/post"}],"author":[{"embeddable":true,"href":"https:\/\/www.ibermusicas.org\/index.php\/wp-json\/wp\/v2\/users\/7"}],"replies":[{"embeddable":true,"href":"https:\/\/www.ibermusicas.org\/index.php\/wp-json\/wp\/v2\/comments?post=26909"}],"version-history":[{"count":1,"href":"https:\/\/www.ibermusicas.org\/index.php\/wp-json\/wp\/v2\/posts\/26909\/revisions"}],"predecessor-version":[{"id":26911,"href":"https:\/\/www.ibermusicas.org\/index.php\/wp-json\/wp\/v2\/posts\/26909\/revisions\/26911"}],"wp:featuredmedia":[{"embeddable":true,"href":"https:\/\/www.ibermusicas.org\/index.php\/wp-json\/wp\/v2\/media\/26910"}],"wp:attachment":[{"href":"https:\/\/www.ibermusicas.org\/index.php\/wp-json\/wp\/v2\/media?parent=26909"}],"wp:term":[{"taxonomy":"category","embeddable":true,"href":"https:\/\/www.ibermusicas.org\/index.php\/wp-json\/wp\/v2\/categories?post=26909"},{"taxonomy":"post_tag","embeddable":true,"href":"https:\/\/www.ibermusicas.org\/index.php\/wp-json\/wp\/v2\/tags?post=26909"}],"curies":[{"name":"wp","href":"https:\/\/api.w.org\/{rel}","templated":true}]}}